{"id":10313,"date":"2014-04-11T10:46:21","date_gmt":"2014-04-11T13:46:21","guid":{"rendered":"https:\/\/www.mpal.mp.br\/?p=10313"},"modified":"2022-06-21T10:46:54","modified_gmt":"2022-06-21T13:46:54","slug":"gecoc-e-policia-militar-realizam-operacao-de-combate-ao-trafico-de-drogas-em-maceio-tres-pessoas-sao-presas","status":"publish","type":"post","link":"https:\/\/www.mpal.mp.br\/?p=10313","title":{"rendered":"Gecoc e Pol\u00edcia Militar realizam opera\u00e7\u00e3o de combate ao tr\u00e1fico de drogas em Macei\u00f3; tr\u00eas pessoas s\u00e3o presas"},"content":{"rendered":"<p style=\"text-align: justify;\" align=\"JUSTIFY\"><span style=\"font-size: 14pt;\">O Grupo Estadual de Combate \u00e0s Organiza\u00e7\u00f5es Criminosas (Gecoc) do Minist\u00e9rio P\u00fablico do Estado de Alagoas e policiais militares da Radiopatrulha realizaram uma opera\u00e7\u00e3o, no final da tarde desta quinta-feira (10), que culminou na pris\u00e3o de tr\u00eas pessoas, em flagrante delito, acusadas de envolvimento com o tr\u00e1fico de drogas.<\/span><\/p>\n<p style=\"text-align: justify;\" align=\"JUSTIFY\"><span style=\"font-size: 14pt;\">Todas elas s\u00e3o de Sergipe e estavam sendo monitoradas pelos servi\u00e7os de intelig\u00eancia do Gecoc e da Pol\u00edcia Militar, depois que den\u00fancias an\u00f4nimas revelaram que o trio comprava entorpecentes em Alagoas para revender em cidades do interior daquele estado.<\/span><\/p>\n<p style=\"text-align: justify;\" align=\"JUSTIFY\"><span style=\"font-size: 14pt;\">Alan Klayton Santos Andrade, de 25 anos, \u00e9 apontado como l\u00edder do bando. Em Sergipe, al\u00e9m de envolvimento com o crime de tr\u00e1fico de drogas, ele \u00e9 investigado em 20 assassinatos. Andrade teria negociado a compra de uma grande quantidade de maconha a um presidi\u00e1rio.<\/span><\/p>\n<p style=\"text-align: justify;\" align=\"JUSTIFY\"><span style=\"font-size: 14pt;\">De dentro do sistema penitenci\u00e1rio, o reeducando indicou uma pessoa que levaria o comprador at\u00e9 o local da aquisi\u00e7\u00e3o ilegal do entorpecente. Essa foi a segunda vez, somente esta semana, que o acusado veio a Macei\u00f3 para comprar o mesmo tipo de droga.<\/span><\/p>\n<p style=\"text-align: justify;\" align=\"JUSTIFY\"><span style=\"font-size: 14pt;\">Din\u00e1 Santos Andrade, que chefia o tr\u00e1fico em alguns munic\u00edpios de Sergipe, tamb\u00e9m foi presa. Ela tem la\u00e7os familiares com Alan e integra o mesmo grupo criminoso. Uma terceira pessoa tamb\u00e9m foi detida. Por\u00e9m, o seu nome ainda n\u00e3o foi confirmado.<\/span><\/p>\n<p style=\"text-align: justify;\" align=\"JUSTIFY\"><span style=\"font-size: 14pt;\">O trio foi preso em via p\u00fablica, num Fiat Punto, que n\u00e3o tem queixa de roubo, nas proximidades do supermercado Makro, no Tabuleiro dos Martins. Ele se dirigia ao bairro da Ch\u00e3 da Jaqueira para comprar a droga e portava R$ 8 mil.<\/span><\/p>\n","protected":false},"excerpt":{"rendered":"<p> [&hellip;]<\/p>\n","protected":false},"author":2,"featured_media":9722,"comment_status":"open","ping_status":"open","sticky":false,"template":"","format":"standard","meta":{"om_disable_all_campaigns":false,"_monsterinsights_skip_tracking":false,"_monsterinsights_sitenote_active":false,"_monsterinsights_sitenote_note":"","_monsterinsights_sitenote_category":0,"_uf_show_specific_survey":0,"_uf_disable_surveys":false,"footnotes":""},"categories":[23],"tags":[],"class_list":["post-10313","post","type-post","status-publish","format-standard","has-post-thumbnail","hentry","category-not_gaeco"],"aioseo_notices":[],"_links":{"self":[{"href":"https:\/\/www.mpal.mp.br\/index.php?rest_route=\/wp\/v2\/posts\/10313","targetHints":{"allow":["GET"]}}],"collection":[{"href":"https:\/\/www.mpal.mp.br\/index.php?rest_route=\/wp\/v2\/posts"}],"about":[{"href":"https:\/\/www.mpal.mp.br\/index.php?rest_route=\/wp\/v2\/types\/post"}],"author":[{"embeddable":true,"href":"https:\/\/www.mpal.mp.br\/index.php?rest_route=\/wp\/v2\/users\/2"}],"replies":[{"embeddable":true,"href":"https:\/\/www.mpal.mp.br\/index.php?rest_route=%2Fwp%2Fv2%2Fcomments&post=10313"}],"version-history":[{"count":1,"href":"https:\/\/www.mpal.mp.br\/index.php?rest_route=\/wp\/v2\/posts\/10313\/revisions"}],"predecessor-version":[{"id":10314,"href":"https:\/\/www.mpal.mp.br\/index.php?rest_route=\/wp\/v2\/posts\/10313\/revisions\/10314"}],"wp:featuredmedia":[{"embeddable":true,"href":"https:\/\/www.mpal.mp.br\/index.php?rest_route=\/wp\/v2\/media\/9722"}],"wp:attachment":[{"href":"https:\/\/www.mpal.mp.br\/index.php?rest_route=%2Fwp%2Fv2%2Fmedia&parent=10313"}],"wp:term":[{"taxonomy":"category","embeddable":true,"href":"https:\/\/www.mpal.mp.br\/index.php?rest_route=%2Fwp%2Fv2%2Fcategories&post=10313"},{"taxonomy":"post_tag","embeddable":true,"href":"https:\/\/www.mpal.mp.br\/index.php?rest_route=%2Fwp%2Fv2%2Ftags&post=10313"}],"curies":[{"name":"wp","href":"https:\/\/api.w.org\/{rel}","templated":true}]}}