{"id":10305,"date":"2014-04-15T10:41:15","date_gmt":"2014-04-15T13:41:15","guid":{"rendered":"https:\/\/www.mpal.mp.br\/?p=10305"},"modified":"2022-06-21T10:44:29","modified_gmt":"2022-06-21T13:44:29","slug":"operacao-do-gecoc-e-da-seds-prende-dupla-suspeita-de-envolvimento-com-roubos-a-bancos-uma-banana-de-dinamite-e-apreendida","status":"publish","type":"post","link":"https:\/\/www.mpal.mp.br\/?p=10305","title":{"rendered":"Opera\u00e7\u00e3o do Gecoc e da Seds prende dupla suspeita de envolvimento com roubos a bancos; uma banana de dinamite \u00e9 apreendida"},"content":{"rendered":"<p style=\"text-align: justify;\"><span style=\"font-size: 14pt;\">O plano foi desarticulado e uma ag\u00eancia banc\u00e1ria escapou de ser assaltada nos pr\u00f3ximos dias em Alagoas. Depois de uma opera\u00e7\u00e3o comandada pelo Grupo Estadual de Combate \u00e0s Organiza\u00e7\u00f5es Criminosas (Gecoc) do Minist\u00e9rio P\u00fablico Estadual de Alagoas, que contou com o apoio da Secretaria de Estado da Defesa Social (Seds), dois homens foram presos sob a suspeita de envolvimento com assaltos a bancos. Uma banana de dinamite foi apreendida.<\/span><\/p>\n<p style=\"text-align: justify;\"><span style=\"font-size: 14pt;\">A opera\u00e7\u00e3o aconteceu por volta das 10h da manh\u00e3 desta ter\u00e7a-feira (15) e envolveu a equipe de intelig\u00eancia do Gecoc, do Comando de Policiamento da Capital (CPC) e da Seds. Ap\u00f3s acompanhar os passos de parte de uma quadrilha especializada em roubo a ag\u00eancias banc\u00e1rias, os promotores e militares do Gecoc, com o apoio da Radiopatrulha, conseguiram interceptar dois homens que estavam de posse de uma banana de dinamite e de um cordel detonador. Este \u00faltimo \u00e9 utilizado para ajudar a explodir o artefato.<\/span><\/p>\n<p style=\"text-align: justify;\"><span style=\"font-size: 14pt;\">A dupla estava caminhando por uma avenida, no complexo Benedito Bentes, quando foi abordada. Foram presos Diego Jos\u00e9 dos Santos e Alysson Ferreira de Souza. Eles portavam uma mochilha e, dentro dela, estavam escondidos o cordel detonador e a dinamite.<\/span><\/p>\n<p style=\"text-align: justify;\"><span style=\"font-size: 14pt;\">\u201cEles confessaram que foram buscar a banana de dinamite no interior de Alagoas e a trouxeram para Macei\u00f3, onde fariam a entrega \u00e0 pessoa que fez a encomenda. N\u00f3s fizemos o flagrante antes mesmo que a mercadoria chegasse ao destinat\u00e1rio final e agora vamos tentar localizar o indiv\u00edduo respons\u00e1vel pelo fornecimento do artefato\u201d, informou o promotor de Justi\u00e7a Alfredo Gaspar de Mendon\u00e7a, coordenador do Gecoc.<\/span><\/p>\n<p style=\"text-align: justify;\"><span style=\"font-size: 14pt;\">\u201cMais detalhes sobre os demais integrantes do bando e qual institui\u00e7\u00e3o banc\u00e1ria seria alvo da quadrilha eu n\u00e3o posso revelar, pelo menos, por enquanto. \u00c9 essa cautela n\u00f3s estamos tomando por uma quest\u00e3o de seguran\u00e7a\u201d, completou o promotor.<\/span><\/p>\n<p style=\"text-align: justify;\"><span style=\"font-size: 14pt;\">Os presos e a dinamite foram encaminhados \u00e0 Central de Flagrantes, no bairro do Farol.<\/span><\/p>\n","protected":false},"excerpt":{"rendered":"<p> [&hellip;]<\/p>\n","protected":false},"author":2,"featured_media":10306,"comment_status":"open","ping_status":"open","sticky":false,"template":"","format":"standard","meta":{"om_disable_all_campaigns":false,"_monsterinsights_skip_tracking":false,"_monsterinsights_sitenote_active":false,"_monsterinsights_sitenote_note":"","_monsterinsights_sitenote_category":0,"_uf_show_specific_survey":0,"_uf_disable_surveys":false,"footnotes":""},"categories":[23],"tags":[],"class_list":["post-10305","post","type-post","status-publish","format-standard","has-post-thumbnail","hentry","category-not_gaeco"],"aioseo_notices":[],"_links":{"self":[{"href":"https:\/\/www.mpal.mp.br\/index.php?rest_route=\/wp\/v2\/posts\/10305","targetHints":{"allow":["GET"]}}],"collection":[{"href":"https:\/\/www.mpal.mp.br\/index.php?rest_route=\/wp\/v2\/posts"}],"about":[{"href":"https:\/\/www.mpal.mp.br\/index.php?rest_route=\/wp\/v2\/types\/post"}],"author":[{"embeddable":true,"href":"https:\/\/www.mpal.mp.br\/index.php?rest_route=\/wp\/v2\/users\/2"}],"replies":[{"embeddable":true,"href":"https:\/\/www.mpal.mp.br\/index.php?rest_route=%2Fwp%2Fv2%2Fcomments&post=10305"}],"version-history":[{"count":1,"href":"https:\/\/www.mpal.mp.br\/index.php?rest_route=\/wp\/v2\/posts\/10305\/revisions"}],"predecessor-version":[{"id":10307,"href":"https:\/\/www.mpal.mp.br\/index.php?rest_route=\/wp\/v2\/posts\/10305\/revisions\/10307"}],"wp:featuredmedia":[{"embeddable":true,"href":"https:\/\/www.mpal.mp.br\/index.php?rest_route=\/wp\/v2\/media\/10306"}],"wp:attachment":[{"href":"https:\/\/www.mpal.mp.br\/index.php?rest_route=%2Fwp%2Fv2%2Fmedia&parent=10305"}],"wp:term":[{"taxonomy":"category","embeddable":true,"href":"https:\/\/www.mpal.mp.br\/index.php?rest_route=%2Fwp%2Fv2%2Fcategories&post=10305"},{"taxonomy":"post_tag","embeddable":true,"href":"https:\/\/www.mpal.mp.br\/index.php?rest_route=%2Fwp%2Fv2%2Ftags&post=10305"}],"curies":[{"name":"wp","href":"https:\/\/api.w.org\/{rel}","templated":true}]}}