{"id":10302,"date":"2014-04-30T10:37:52","date_gmt":"2014-04-30T13:37:52","guid":{"rendered":"https:\/\/www.mpal.mp.br\/?p=10302"},"modified":"2022-06-21T10:40:14","modified_gmt":"2022-06-21T13:40:14","slug":"gecoc-comanda-operacao-de-combate-ao-roubo-de-bancos-seis-pessoas-foram-presas-pela-policia","status":"publish","type":"post","link":"https:\/\/www.mpal.mp.br\/?p=10302","title":{"rendered":"Gecoc comanda opera\u00e7\u00e3o de combate ao roubo de bancos; seis pessoas foram presas pela pol\u00edcia"},"content":{"rendered":"<p style=\"text-align: justify;\" align=\"JUSTIFY\"><span style=\"font-size: 14pt;\">Uma opera\u00e7\u00e3o comandada pelo Grupo Estadual de Combate \u00e0s Organiza\u00e7\u00f5es Criminosas (Gecoc) do Minist\u00e9rio P\u00fablico Estadual de Alagoas, em parceria com as Pol\u00edcia Civil de Alagoas e Sergipe, Pol\u00edcia Militar e servi\u00e7o de intelig\u00eancia da Secretaria de Estado da Defesa Social, resultou na pris\u00e3o, at\u00e9 o in\u00edcio da manh\u00e3 desta quarta-feira (30), de seis acusados de envolvimento com assaltos a bancos no Sert\u00e3o do Estado. A quadrilha tamb\u00e9m \u00e9 suspeita de liga\u00e7\u00f5es com os crimes de tr\u00e1fico de drogas e homic\u00eddios.<\/span><\/p>\n<p style=\"text-align: justify;\" align=\"JUSTIFY\"><span style=\"font-size: 14pt;\">A opera\u00e7\u00e3o, que j\u00e1 dura 24 horas, est\u00e1 cumprindo oito mandados de pris\u00e3o e 10 mandados de busca e apreens\u00e3o expedidos pela 17\u00aa Vara Criminal da Capital. Todos os alvos s\u00e3o do munic\u00edpio de Paulo Afonso, na Bahia.<\/span><\/p>\n<p style=\"text-align: justify;\" align=\"JUSTIFY\"><span style=\"font-size: 14pt;\">&#8220;Esse bando sa\u00eda da Bahia para vir cometer crimes em Alagoas. Conseguimos prender o l\u00edder da quadrilha e os trabalhos s\u00f3 ser\u00e3o finalizados quando localizarmos todos os suspeitos. J\u00e1 existem seis detidos, faltam dois&#8221;, explicou o promotor de Justi\u00e7a Luiz Ten\u00f3rio, do Gecoc, que acompanha a opera\u00e7\u00e3o.<\/span><\/p>\n<p style=\"text-align: justify;\" align=\"JUSTIFY\"><span style=\"font-size: 14pt;\"><strong>L\u00edder reagiu a pris\u00e3o<\/strong><\/span><\/p>\n<p style=\"text-align: justify;\" align=\"JUSTIFY\"><span style=\"font-size: 14pt;\">N\u00e3o foi f\u00e1cil efetuar a pris\u00e3o contra Jos\u00e9lio Ramos L\u00facio. No momento em que o Gecoc e as pol\u00edcias chegaram at\u00e9 a resid\u00eancia dele, localizada na Rua do Sossego, bairro Centen\u00e1rio, em Paulo Afonso, o acusado reagiu e entrou em luta corporal com um policial civil. Ele tamb\u00e9m tentou fugir por uma janela da casa, momento em que foi detido. As outras cinco pessoas foram presas em im\u00f3veis diferentes e n\u00e3o reagiram a pris\u00e3o.<\/span><\/p>\n<p style=\"text-align: justify;\" align=\"JUSTIFY\"><span style=\"font-size: 14pt;\">Jos\u00e9lio Ramos L\u00facio \u00e9 apontado como l\u00edder de uma organiza\u00e7\u00e3o criminosa especializada em assaltos a bancos. O bando que ele comandaria teria sido respons\u00e1vel por, pelo menos, quatro roubos contra institui\u00e7\u00f5es financeiras no Sert\u00e3o de Alagoas, nas cidades de Piranhas, Mata Grande, Pariconha e \u00c1gua Branca.<\/span><\/p>\n<p style=\"text-align: justify;\" align=\"JUSTIFY\"><span style=\"font-size: 14pt;\">Al\u00e9m dos il\u00edcitos de roubo a bancos, o grupo tamb\u00e9m \u00e9 suspeito de envolvimento nos crimes de tr\u00e1fico de entorpecentes e assassinatos.<\/span><\/p>\n<p style=\"text-align: justify;\" align=\"JUSTIFY\"><span style=\"font-size: 14pt;\">Uma grande quantidade de drogas foi apreendida, entretanto, n\u00e3o se sabe o peso exato porque ela ainda ser\u00e1 pesada. As autoridades buscam agora um dep\u00f3sito de armas e tamb\u00e9m tentam encontrar os ve\u00edculos utilizados nos assaltos.<\/span><\/p>\n<p style=\"text-align: justify;\" align=\"JUSTIFY\"><span style=\"font-size: 14pt;\">Todos os presos e o material apreendido ser\u00e3o trazidos para Macei\u00f3. Mas n\u00e3o h\u00e1 previs\u00e3o de hora de chegada porque a opera\u00e7\u00e3o ainda est\u00e1 em andamento.<\/span><\/p>\n<p style=\"text-align: justify;\" align=\"JUSTIFY\"><span style=\"font-size: 14pt;\">Os trabalhos envolvem, al\u00e9m do Gecoc, a Secretaria de Estado da Defesa Social, o Departamento de Pol\u00edcia Judici\u00e1ria 1, a Deic, a Companhia de Pol\u00edcia Militar da Caatinga (Piranhas), o Comando de Policiamento de \u00c1rea 1, o Cops &#8211; Complexo de Opera\u00e7\u00f5es Especiais da PC de Sergipe e o N\u00facleo Especial de Repress\u00e3o e Buscas, tamb\u00e9m da Pol\u00edcia Civil do estado vizinho.<\/span><\/p>\n","protected":false},"excerpt":{"rendered":"<p> [&hellip;]<\/p>\n","protected":false},"author":2,"featured_media":9722,"comment_status":"open","ping_status":"open","sticky":false,"template":"","format":"standard","meta":{"om_disable_all_campaigns":false,"_monsterinsights_skip_tracking":false,"_monsterinsights_sitenote_active":false,"_monsterinsights_sitenote_note":"","_monsterinsights_sitenote_category":0,"_uf_show_specific_survey":0,"_uf_disable_surveys":false,"footnotes":""},"categories":[23],"tags":[],"class_list":["post-10302","post","type-post","status-publish","format-standard","has-post-thumbnail","hentry","category-not_gaeco"],"aioseo_notices":[],"_links":{"self":[{"href":"https:\/\/www.mpal.mp.br\/index.php?rest_route=\/wp\/v2\/posts\/10302","targetHints":{"allow":["GET"]}}],"collection":[{"href":"https:\/\/www.mpal.mp.br\/index.php?rest_route=\/wp\/v2\/posts"}],"about":[{"href":"https:\/\/www.mpal.mp.br\/index.php?rest_route=\/wp\/v2\/types\/post"}],"author":[{"embeddable":true,"href":"https:\/\/www.mpal.mp.br\/index.php?rest_route=\/wp\/v2\/users\/2"}],"replies":[{"embeddable":true,"href":"https:\/\/www.mpal.mp.br\/index.php?rest_route=%2Fwp%2Fv2%2Fcomments&post=10302"}],"version-history":[{"count":1,"href":"https:\/\/www.mpal.mp.br\/index.php?rest_route=\/wp\/v2\/posts\/10302\/revisions"}],"predecessor-version":[{"id":10303,"href":"https:\/\/www.mpal.mp.br\/index.php?rest_route=\/wp\/v2\/posts\/10302\/revisions\/10303"}],"wp:featuredmedia":[{"embeddable":true,"href":"https:\/\/www.mpal.mp.br\/index.php?rest_route=\/wp\/v2\/media\/9722"}],"wp:attachment":[{"href":"https:\/\/www.mpal.mp.br\/index.php?rest_route=%2Fwp%2Fv2%2Fmedia&parent=10302"}],"wp:term":[{"taxonomy":"category","embeddable":true,"href":"https:\/\/www.mpal.mp.br\/index.php?rest_route=%2Fwp%2Fv2%2Fcategories&post=10302"},{"taxonomy":"post_tag","embeddable":true,"href":"https:\/\/www.mpal.mp.br\/index.php?rest_route=%2Fwp%2Fv2%2Ftags&post=10302"}],"curies":[{"name":"wp","href":"https:\/\/api.w.org\/{rel}","templated":true}]}}