{"id":10296,"date":"2014-05-22T10:33:28","date_gmt":"2014-05-22T13:33:28","guid":{"rendered":"https:\/\/www.mpal.mp.br\/?p=10296"},"modified":"2022-06-21T10:33:40","modified_gmt":"2022-06-21T13:33:40","slug":"gecoc-e-policia-militar-fazem-operacao-que-resulta-na-prisao-de-mais-um-acusado-de-morte-de-pm-em-porto-de-pedras","status":"publish","type":"post","link":"https:\/\/www.mpal.mp.br\/?p=10296","title":{"rendered":"Gecoc e Pol\u00edcia Militar fazem opera\u00e7\u00e3o que resulta na pris\u00e3o de mais um acusado de morte de PM em Porto de Pedras"},"content":{"rendered":"<p style=\"text-align: justify;\"><span style=\"font-size: 14pt;\">Mais uma opera\u00e7\u00e3o realizada em parceria entre o Grupo Estadual de Combate \u00e0s Organiza\u00e7\u00f5es Criminosas (Gecoc) do Minist\u00e9rio P\u00fablico Estadual de Alagoas, a Promotoria de Justi\u00e7a de Porto de Pedras e a Pol\u00edcia Militar, resultou, no final da tarde dessa quarta-feira (21), na pris\u00e3o de um acusado de envolvimento na morte do soldado Ivaldo Oliveira da Silva, assassinado em 09 de dezembro passado, no munic\u00edpio de Porto de Pedras. A a\u00e7\u00e3o ocorreu no bairro da Serraria e o suspeito n\u00e3o reagiu a pris\u00e3o.<\/span><\/p>\n<p style=\"text-align: justify;\" align=\"JUSTIFY\"><span style=\"font-size: 14pt;\">Na opera\u00e7\u00e3o, os policiais militares do 5\u00ba Batalh\u00e3o deram voz de pris\u00e3o a Clebson Nogueira de Carvalho, de 23 anos. Ele voltava da praia, numa bicicleta, quando foi abordado. O suspeito, que antigamente morava no bairro Ouro Preto, mudou-se para a Serraria, segundo o Gecoc, para tentar despistar os investigadores.<\/span><\/p>\n<p style=\"text-align: justify;\" align=\"JUSTIFY\"><span style=\"font-size: 14pt;\">\u201cO Clebson estava portanto uma pequena quantidade de maconha, que, de acordo com ele, era para consumo pr\u00f3prio. N\u00e3o reagiu a pris\u00e3o e confirmou que conhece toda a quadrilha envolvida na morte do soldado Ivaldo. O mandado de pris\u00e3o foi expedido contra o acusado porque, durante a fase de interrogat\u00f3rios, os demais r\u00e9us confirmaram a participa\u00e7\u00e3o dele no crime. Isso est\u00e1 nos autos. E, mesmo tendo a pris\u00e3o decretada, ele conseguiu fugir\u201d, informou o promotor de Justi\u00e7a Alfredo Gaspar de Mendon\u00e7a, coordenador do Gecoc.<\/span><\/p>\n<p style=\"text-align: justify;\" align=\"JUSTIFY\"><span style=\"font-size: 14pt;\">O promotor ainda chamou a aten\u00e7\u00e3o para uma tatuagem existente na m\u00e3o direita do acusado. Ele tem escrito, entre os dedos, a palavra \u201c\u00f3dio\u201d.<\/span><\/p>\n<p style=\"text-align: justify;\" align=\"JUSTIFY\"><span style=\"font-size: 14pt;\">Ap\u00f3s a fuga de Clebson, o servi\u00e7o de Intelig\u00eancia do Gecoc, a Promotoria de Justi\u00e7a de Porto de Pedras, cuja titularidade \u00e9 do promotor Jos\u00e9 Ant\u00f4nio Malta Marques, e o a Pol\u00edcia Militar come\u00e7aram um trabalho de monitoramento na tentativa de localizar o foragido.<\/span><\/p>\n<p style=\"text-align: justify;\" align=\"JUSTIFY\"><span style=\"font-size: 14pt;\">Ap\u00f3s a pris\u00e3o, o acusado foi encaminhado \u00e0 Central de Flagrantes para, de l\u00e1, ser encaminhado a uma unidade prisional.<\/span><\/p>\n<p style=\"text-align: justify;\" align=\"JUSTIFY\"><span style=\"font-size: 14pt;\"><strong>Denunciados pelo MPE\/AL<\/strong><\/span><\/p>\n<p style=\"text-align: justify;\" align=\"JUSTIFY\"><span style=\"font-size: 14pt;\">Em abril \u00faltimo, o promotor Jos\u00e9 Ant\u00f4nio Malta Marques denunciou sete pessoas acusadas do assassinato do soldado Ivaldo Oliveira da Silva. Diego Guedes Correia Alves, Reni Alves da Silva, Niedson dos Santos Silva \u2013 vulgo \u201cMarechal\u201d, Alexsandro Marques de Messias \u2013 conhecido como \u201cPeito de Pombo\u201d, David Alisson Santos Cunha \u2013 o \u201cGaleguinho\u201d -, Claudemir Alexandre da Silva \u2013 apelidado como \u201cMI\u201d e Clebeson Nogueira de Carvalho. F\u00e1bio dos Santos, o \u201cNego Anum\u201d, era o l\u00edder do bando, por\u00e9m, foi morto numa troca de tiros com a pol\u00edcia antes do oferecimento da den\u00fancia. Niedson e Claudemir tamb\u00e9m foram assassinados.<\/span><\/p>\n<p style=\"text-align: justify;\" align=\"JUSTIFY\"><span style=\"font-size: 14pt;\">Segundo as acusa\u00e7\u00f5es do promotor, o bando se organizou para praticar um assalto contra um caixa eletr\u00f4nico do banco Bradesco, no munic\u00edpio de Porto de Pedras, porque teria recebido informa\u00e7\u00f5es de que o equipamento era \u201csolto\u201d, ou seja, seria mais f\u00e1cil de ser tirado do local e, em seguida, colocado sobre uma caminhonete. Parte dos bandidos estava no interior de Alagoas e, para chegar at\u00e9 o destino final, assaltou v\u00e1rias motoristas para conseguir roubar carros que seriam utilizados no pr\u00f3ximo crime. No entanto, ao chegarem ao local, a tentativa de assalto foi frustrada e eles n\u00e3o conseguiram retirar o caixa eletr\u00f4nico do ch\u00e3o. Foi quando surgiu a ideia, dada por Diego Guedes, de roubar o GPM da cidade. L\u00e1, estava apenas o soldado Ivaldo de plant\u00e3o. A v\u00edtima foi obrigada a conduzir os criminosos at\u00e9 a casa do outro colega militar, que tamb\u00e9m estava na cidade e, n\u00e3o conseguindo tamb\u00e9m captur\u00e1-lo, foi com raiva, a quadrilha come\u00e7ou a atirar contra o Ivaldo, no meio da rua. Os acusados foram denunciados pelos crimes de homic\u00eddio, tentativa de homic\u00eddio, sequestro, roubo qualificado.<\/span><\/p>\n","protected":false},"excerpt":{"rendered":"<p> [&hellip;]<\/p>\n","protected":false},"author":2,"featured_media":10297,"comment_status":"open","ping_status":"open","sticky":false,"template":"","format":"standard","meta":{"om_disable_all_campaigns":false,"_monsterinsights_skip_tracking":false,"_monsterinsights_sitenote_active":false,"_monsterinsights_sitenote_note":"","_monsterinsights_sitenote_category":0,"_uf_show_specific_survey":0,"_uf_disable_surveys":false,"footnotes":""},"categories":[23],"tags":[],"class_list":["post-10296","post","type-post","status-publish","format-standard","has-post-thumbnail","hentry","category-not_gaeco"],"aioseo_notices":[],"_links":{"self":[{"href":"https:\/\/www.mpal.mp.br\/index.php?rest_route=\/wp\/v2\/posts\/10296","targetHints":{"allow":["GET"]}}],"collection":[{"href":"https:\/\/www.mpal.mp.br\/index.php?rest_route=\/wp\/v2\/posts"}],"about":[{"href":"https:\/\/www.mpal.mp.br\/index.php?rest_route=\/wp\/v2\/types\/post"}],"author":[{"embeddable":true,"href":"https:\/\/www.mpal.mp.br\/index.php?rest_route=\/wp\/v2\/users\/2"}],"replies":[{"embeddable":true,"href":"https:\/\/www.mpal.mp.br\/index.php?rest_route=%2Fwp%2Fv2%2Fcomments&post=10296"}],"version-history":[{"count":1,"href":"https:\/\/www.mpal.mp.br\/index.php?rest_route=\/wp\/v2\/posts\/10296\/revisions"}],"predecessor-version":[{"id":10298,"href":"https:\/\/www.mpal.mp.br\/index.php?rest_route=\/wp\/v2\/posts\/10296\/revisions\/10298"}],"wp:featuredmedia":[{"embeddable":true,"href":"https:\/\/www.mpal.mp.br\/index.php?rest_route=\/wp\/v2\/media\/10297"}],"wp:attachment":[{"href":"https:\/\/www.mpal.mp.br\/index.php?rest_route=%2Fwp%2Fv2%2Fmedia&parent=10296"}],"wp:term":[{"taxonomy":"category","embeddable":true,"href":"https:\/\/www.mpal.mp.br\/index.php?rest_route=%2Fwp%2Fv2%2Fcategories&post=10296"},{"taxonomy":"post_tag","embeddable":true,"href":"https:\/\/www.mpal.mp.br\/index.php?rest_route=%2Fwp%2Fv2%2Ftags&post=10296"}],"curies":[{"name":"wp","href":"https:\/\/api.w.org\/{rel}","templated":true}]}}