{"id":10293,"date":"2014-06-03T10:31:24","date_gmt":"2014-06-03T13:31:24","guid":{"rendered":"https:\/\/www.mpal.mp.br\/?p=10293"},"modified":"2022-06-21T10:32:56","modified_gmt":"2022-06-21T13:32:56","slug":"mpe-de-alagoas-repudia-declaracoes-de-advogados-contra-gaeco-do-mpdft-e-manifesta-apoio-a-nota-emitida-pelo-gncoc","status":"publish","type":"post","link":"https:\/\/www.mpal.mp.br\/?p=10293","title":{"rendered":"MPE de Alagoas repudia declara\u00e7\u00f5es de advogados contra Gaeco do MPDFT e manifesta apoio \u00e0 nota emitida pelo GNCOC"},"content":{"rendered":"<p style=\"text-align: justify;\" align=\"justify\"><span style=\"font-size: 14pt;\">O Grupo Nacional de Combate \u00e0s Organiza\u00e7\u00f5es Criminosas (GNCOC) publicou nota de apoio aos membros do Minist\u00e9rio P\u00fablico do Distrito Federal e Territ\u00f3rios (MPDFT). A manifesta\u00e7\u00e3o de solidariedade repudiou os ataques recentes feitos por advogados de defesa de alguns investigados na Opera\u00e7\u00e3o Caixa de Pandora contra a honra e a imagem de membros do MPDFT. A referida opera\u00e7\u00e3o foi realizada em 2009 pela Pol\u00edcia Federal e contou com o apoio do GNCOC para investigar a suposta distribui\u00e7\u00e3o de recursos ilegais \u00e0 base aliada do governo do Distrito Federal \u00e0 \u00e9poca.<\/span><\/p>\n<p style=\"text-align: justify;\" align=\"JUSTIFY\"><span style=\"font-size: 14pt;\">O GNCOC integra o Conselho Nacional de Procuradores-Gerais (CNPG). Ele \u00e9 formado por membros dos Minist\u00e9rios P\u00fablicos estaduais e da Uni\u00e3o. O Grupo tem papel essencial no combate \u00e0s organiza\u00e7\u00f5es criminosas e atua em investiga\u00e7\u00f5es relevantes, como combate aos crimes tribut\u00e1rios, lavagem de dinheiro, tr\u00e1fico e crimes cibern\u00e9ticos. \u00c9 respons\u00e1vel por articular a\u00e7\u00f5es em \u00e2mbito nacional ou regional visando a uniformiza\u00e7\u00e3o e fortalecimento de a\u00e7\u00f5es de combate ao crime organizado.<\/span><\/p>\n<p style=\"text-align: justify;\" align=\"JUSTIFY\"><span style=\"font-size: 14pt;\"><strong>Confira a \u00edntegra da nota de apoio do GNCOC<\/strong><\/span><\/p>\n<p style=\"text-align: justify;\" align=\"JUSTIFY\"><span style=\"font-size: 14pt;\">\u201cO Grupo Nacional de Combate \u00e0s Organiza\u00e7\u00f5es Criminosas \u2013 GNCOC, composto pelos Membros dos Minist\u00e9rios P\u00fablicos de todo o pa\u00eds designados para promoverem a\u00e7\u00f5es de combate \u00e0 criminalidade organizada, reunidos em sess\u00e3o plen\u00e1ria na cidade de S\u00e3o Paulo, vem a p\u00fablico, em raz\u00e3o dos recentes ataques contra a honra e a imagem dos combativos integrantes do GAECO do MPDFT, proferidos por parte dos advogados de defesa de alguns investigados na Opera\u00e7\u00e3o Caixa de Pandora, repudiar tal postura e reafirmar total apoio e irrestrita confian\u00e7a aos valorosos colegas que com afinco atuam no combate \u00e0 corrup\u00e7\u00e3o e em prol da Sociedade\u201d, diz a nota.<\/span><\/p>\n<p style=\"text-align: justify;\" align=\"JUSTIFY\"><span style=\"font-size: 14pt;\">\u201cReitero o que diz a nota do GNCOC. O MPDFT participou ativamente das investiga\u00e7\u00f5es que desbarataram aquela organiza\u00e7\u00e3o criminosa que atuava dentro do governo do Distrito Federal, tendo agido, sem sombra de d\u00favidas, sem medo e no enfrentamento aos poderes pol\u00edtico e econ\u00f4mico. Inclusive, tal apura\u00e7\u00e3o culminou com a pris\u00e3o do ex-governador Jos\u00e9 Roberto Arruda, denunciado pelo MP pelo cometimento dos crimes de falsidade ideol\u00f3gica e tentativa de comprar testemunha das investiga\u00e7\u00f5es da opera\u00e7\u00e3o Caixa de Pandora. \u00c9 por isso que ele seus advogados n\u00e3o gostam do Minist\u00e9rio P\u00fablico. No entanto, para n\u00f3s, o mais importante n\u00e3o \u00e9 o inc\u00f4modo que causamos a esses poderosos e, sim, o estrito cumprimento do dever legal que cabe aos promotores e procuradores de Justi\u00e7a\u201d, destacou Alfredo Gaspar de Mendon\u00e7a Neto, coordenador do Grupo Estadual de Combate \u00e0s Organiza\u00e7\u00f5es Criminosas do MPE de Alagoas.<\/span><\/p>\n","protected":false},"excerpt":{"rendered":"<p> [&hellip;]<\/p>\n","protected":false},"author":2,"featured_media":9722,"comment_status":"open","ping_status":"open","sticky":false,"template":"","format":"standard","meta":{"om_disable_all_campaigns":false,"_monsterinsights_skip_tracking":false,"_monsterinsights_sitenote_active":false,"_monsterinsights_sitenote_note":"","_monsterinsights_sitenote_category":0,"_uf_show_specific_survey":0,"_uf_disable_surveys":false,"footnotes":""},"categories":[23],"tags":[],"class_list":["post-10293","post","type-post","status-publish","format-standard","has-post-thumbnail","hentry","category-not_gaeco"],"aioseo_notices":[],"_links":{"self":[{"href":"https:\/\/www.mpal.mp.br\/index.php?rest_route=\/wp\/v2\/posts\/10293","targetHints":{"allow":["GET"]}}],"collection":[{"href":"https:\/\/www.mpal.mp.br\/index.php?rest_route=\/wp\/v2\/posts"}],"about":[{"href":"https:\/\/www.mpal.mp.br\/index.php?rest_route=\/wp\/v2\/types\/post"}],"author":[{"embeddable":true,"href":"https:\/\/www.mpal.mp.br\/index.php?rest_route=\/wp\/v2\/users\/2"}],"replies":[{"embeddable":true,"href":"https:\/\/www.mpal.mp.br\/index.php?rest_route=%2Fwp%2Fv2%2Fcomments&post=10293"}],"version-history":[{"count":1,"href":"https:\/\/www.mpal.mp.br\/index.php?rest_route=\/wp\/v2\/posts\/10293\/revisions"}],"predecessor-version":[{"id":10294,"href":"https:\/\/www.mpal.mp.br\/index.php?rest_route=\/wp\/v2\/posts\/10293\/revisions\/10294"}],"wp:featuredmedia":[{"embeddable":true,"href":"https:\/\/www.mpal.mp.br\/index.php?rest_route=\/wp\/v2\/media\/9722"}],"wp:attachment":[{"href":"https:\/\/www.mpal.mp.br\/index.php?rest_route=%2Fwp%2Fv2%2Fmedia&parent=10293"}],"wp:term":[{"taxonomy":"category","embeddable":true,"href":"https:\/\/www.mpal.mp.br\/index.php?rest_route=%2Fwp%2Fv2%2Fcategories&post=10293"},{"taxonomy":"post_tag","embeddable":true,"href":"https:\/\/www.mpal.mp.br\/index.php?rest_route=%2Fwp%2Fv2%2Ftags&post=10293"}],"curies":[{"name":"wp","href":"https:\/\/api.w.org\/{rel}","templated":true}]}}