{"id":10290,"date":"2014-06-06T10:30:32","date_gmt":"2014-06-06T13:30:32","guid":{"rendered":"https:\/\/www.mpal.mp.br\/?p=10290"},"modified":"2022-06-21T10:30:52","modified_gmt":"2022-06-21T13:30:52","slug":"operacao-do-gecoc-e-da-pm-al-apreende-17-quilos-de-maconha-duas-pessoas-foram-presas","status":"publish","type":"post","link":"https:\/\/www.mpal.mp.br\/?p=10290","title":{"rendered":"Opera\u00e7\u00e3o do Gecoc e da PM\/AL apreende 17 quilos de maconha; duas pessoas foram presas"},"content":{"rendered":"<p style=\"text-align: justify;\" align=\"justify\"><span style=\"font-size: 14pt;\">No in\u00edcio da noite desta quinta-feira (05), no complexo Benedito Bentes, o Grupo Estadual de Combate \u00e0s Organiza\u00e7\u00f5es Criminosas (Gecoc) e policiais militares do 5\u00ba Batalh\u00e3o apreenderam 17 quilos de maconha. Durante a opera\u00e7\u00e3o, duas pessoas foram presas. Elas estavam sendo investigadas pelo Minist\u00e9rio P\u00fablico Estadual de Alagoas e pela Pol\u00edcia Militar h\u00e1 cerca de 20 dias.<\/span><\/p>\n<p style=\"text-align: justify;\" align=\"justify\"><span style=\"font-size: 14pt;\">De acordo com a coordena\u00e7\u00e3o do Gecoc, os acusados Adones de Azevedo Alves, de 24 anos, e Luciano Virg\u00edlio dos Santos, de 19 anos, foram presos em flagrante delito portando dois quilos de maconha.<\/span><\/p>\n<p style=\"text-align: justify;\" align=\"justify\"><span style=\"font-size: 14pt;\">Ap\u00f3s o flagrante, a dupla confessou que, na resid\u00eancia onde os dois moram, estava mais uma quantidade consider\u00e1vel do mesmo entorpecente.<\/span><\/p>\n<p style=\"text-align: justify;\" align=\"justify\"><span style=\"font-size: 14pt;\">Na casa, localizada no Conjunto Recanto das Cores, no Benedito Bentes, estavam outros 15 quilos da droga escondidos numa mala, uma balan\u00e7a de precis\u00e3o, R$ 445,00 e um carregador de pistola. Um ve\u00edculo Celta, placas NMB-1511\/Macei\u00f3-AL, tamb\u00e9m estava sob a posse deles.<\/span><\/p>\n<p style=\"text-align: justify;\" align=\"justify\"><span style=\"font-size: 14pt;\">Ainda segundo o Gecoc, Adones e Luciano costumavam vender a maconha dentro de casa. A resid\u00eancia j\u00e1 era um ponto de tr\u00e1fico conhecido pelos usu\u00e1rios. Eles tamb\u00e9m comercializavam o entorpecente nas localidades do Village Campestre, Graciliano Ramos e dentro do pr\u00f3prio Benedito Bentes.<\/span><\/p>\n<p style=\"text-align: justify;\" align=\"justify\"><span style=\"font-size: 14pt;\">Acusados e material apreendidos foram levados \u00e0 Central de Flagrantes.<\/span><\/p>\n","protected":false},"excerpt":{"rendered":"<p> [&hellip;]<\/p>\n","protected":false},"author":2,"featured_media":10291,"comment_status":"open","ping_status":"open","sticky":false,"template":"","format":"standard","meta":{"om_disable_all_campaigns":false,"_monsterinsights_skip_tracking":false,"_monsterinsights_sitenote_active":false,"_monsterinsights_sitenote_note":"","_monsterinsights_sitenote_category":0,"_uf_show_specific_survey":0,"_uf_disable_surveys":false,"footnotes":""},"categories":[23],"tags":[],"class_list":["post-10290","post","type-post","status-publish","format-standard","has-post-thumbnail","hentry","category-not_gaeco"],"aioseo_notices":[],"_links":{"self":[{"href":"https:\/\/www.mpal.mp.br\/index.php?rest_route=\/wp\/v2\/posts\/10290","targetHints":{"allow":["GET"]}}],"collection":[{"href":"https:\/\/www.mpal.mp.br\/index.php?rest_route=\/wp\/v2\/posts"}],"about":[{"href":"https:\/\/www.mpal.mp.br\/index.php?rest_route=\/wp\/v2\/types\/post"}],"author":[{"embeddable":true,"href":"https:\/\/www.mpal.mp.br\/index.php?rest_route=\/wp\/v2\/users\/2"}],"replies":[{"embeddable":true,"href":"https:\/\/www.mpal.mp.br\/index.php?rest_route=%2Fwp%2Fv2%2Fcomments&post=10290"}],"version-history":[{"count":1,"href":"https:\/\/www.mpal.mp.br\/index.php?rest_route=\/wp\/v2\/posts\/10290\/revisions"}],"predecessor-version":[{"id":10292,"href":"https:\/\/www.mpal.mp.br\/index.php?rest_route=\/wp\/v2\/posts\/10290\/revisions\/10292"}],"wp:featuredmedia":[{"embeddable":true,"href":"https:\/\/www.mpal.mp.br\/index.php?rest_route=\/wp\/v2\/media\/10291"}],"wp:attachment":[{"href":"https:\/\/www.mpal.mp.br\/index.php?rest_route=%2Fwp%2Fv2%2Fmedia&parent=10290"}],"wp:term":[{"taxonomy":"category","embeddable":true,"href":"https:\/\/www.mpal.mp.br\/index.php?rest_route=%2Fwp%2Fv2%2Fcategories&post=10290"},{"taxonomy":"post_tag","embeddable":true,"href":"https:\/\/www.mpal.mp.br\/index.php?rest_route=%2Fwp%2Fv2%2Ftags&post=10290"}],"curies":[{"name":"wp","href":"https:\/\/api.w.org\/{rel}","templated":true}]}}