{"id":10287,"date":"2014-06-16T10:28:56","date_gmt":"2014-06-16T13:28:56","guid":{"rendered":"https:\/\/www.mpal.mp.br\/?p=10287"},"modified":"2022-06-21T10:29:20","modified_gmt":"2022-06-21T13:29:20","slug":"operacao-do-gecoc-e-da-pm-resulta-na-apreensao-de-1kg-de-cocaina-e-duas-pessoas-presas","status":"publish","type":"post","link":"https:\/\/www.mpal.mp.br\/?p=10287","title":{"rendered":"Opera\u00e7\u00e3o do Gecoc e da PM resulta na apreens\u00e3o de 1kg de coca\u00edna e duas pessoas presas"},"content":{"rendered":"<p style=\"text-align: justify;\"><span style=\"font-size: 14pt;\">Uma opera\u00e7\u00e3o comandada pelo Grupo Estadual de Combate \u00e0s Organiza\u00e7\u00f5es Criminosas (Gecoc) do Minist\u00e9rio P\u00fablico Estadual de Alagoas, que contou com o apoio da Pol\u00edcia Militar, resultou na apreens\u00e3o de um quilo de coca\u00edna, duas armas e dois homens presos. A a\u00e7\u00e3o ocorreu na Rua Nossa Senhora de F\u00e1tima, no bairro Feitosa, no in\u00edcio da tarde desta segunda-feira (16).<\/span><\/p>\n<p style=\"text-align: justify;\" align=\"JUSTIFY\"><span style=\"font-size: 14pt;\">Durante a opera\u00e7\u00e3o, Gecoc e PM recolheram um quilo de coca\u00edna, uma pistola 380 com 15 muni\u00e7\u00f5es, um rev\u00f3lver calibre 38 com outras 10 muni\u00e7\u00f5es e uma balan\u00e7a de precis\u00e3o. No flagrante foram presos Thiago dos Santos do Carmo, de 19 anos, e Ge\u00edlton Souza da Silva, de 23 anos. Eles n\u00e3o reagiram a pris\u00e3o e confessaram que o local servia como ponto de tr\u00e1fico de entorpecente.<\/span><\/p>\n<p style=\"text-align: justify;\" align=\"JUSTIFY\"><span style=\"font-size: 14pt;\">Para as autoridades que participaram da a\u00e7\u00e3o, o fato inusitado desta opera\u00e7\u00e3o foi o acusado Ge\u00edlton ter revelado que a m\u00e3e dele, cujo nome ser\u00e1 preservado, seria policial militar e n\u00e3o tinha conhecimento do envolvimento do filho no crime.<\/span><\/p>\n<p style=\"text-align: justify;\" align=\"JUSTIFY\"><span style=\"font-size: 14pt;\">A droga, de acordo com o Gecoc, seria distribu\u00edda dentro do pr\u00f3prio bairro Feitosa, para consumidores da classe m\u00e9dia daquela regi\u00e3o.<\/span><\/p>\n<p style=\"text-align: justify;\" align=\"JUSTIFY\"><span style=\"font-size: 14pt;\">O Gecoc come\u00e7ou a investigar a dupla h\u00e1 cerca de dois meses.<\/span><\/p>\n","protected":false},"excerpt":{"rendered":"<p> [&hellip;]<\/p>\n","protected":false},"author":2,"featured_media":10288,"comment_status":"open","ping_status":"open","sticky":false,"template":"","format":"standard","meta":{"om_disable_all_campaigns":false,"_monsterinsights_skip_tracking":false,"_monsterinsights_sitenote_active":false,"_monsterinsights_sitenote_note":"","_monsterinsights_sitenote_category":0,"_uf_show_specific_survey":0,"_uf_disable_surveys":false,"footnotes":""},"categories":[23],"tags":[],"class_list":["post-10287","post","type-post","status-publish","format-standard","has-post-thumbnail","hentry","category-not_gaeco"],"aioseo_notices":[],"_links":{"self":[{"href":"https:\/\/www.mpal.mp.br\/index.php?rest_route=\/wp\/v2\/posts\/10287","targetHints":{"allow":["GET"]}}],"collection":[{"href":"https:\/\/www.mpal.mp.br\/index.php?rest_route=\/wp\/v2\/posts"}],"about":[{"href":"https:\/\/www.mpal.mp.br\/index.php?rest_route=\/wp\/v2\/types\/post"}],"author":[{"embeddable":true,"href":"https:\/\/www.mpal.mp.br\/index.php?rest_route=\/wp\/v2\/users\/2"}],"replies":[{"embeddable":true,"href":"https:\/\/www.mpal.mp.br\/index.php?rest_route=%2Fwp%2Fv2%2Fcomments&post=10287"}],"version-history":[{"count":1,"href":"https:\/\/www.mpal.mp.br\/index.php?rest_route=\/wp\/v2\/posts\/10287\/revisions"}],"predecessor-version":[{"id":10289,"href":"https:\/\/www.mpal.mp.br\/index.php?rest_route=\/wp\/v2\/posts\/10287\/revisions\/10289"}],"wp:featuredmedia":[{"embeddable":true,"href":"https:\/\/www.mpal.mp.br\/index.php?rest_route=\/wp\/v2\/media\/10288"}],"wp:attachment":[{"href":"https:\/\/www.mpal.mp.br\/index.php?rest_route=%2Fwp%2Fv2%2Fmedia&parent=10287"}],"wp:term":[{"taxonomy":"category","embeddable":true,"href":"https:\/\/www.mpal.mp.br\/index.php?rest_route=%2Fwp%2Fv2%2Fcategories&post=10287"},{"taxonomy":"post_tag","embeddable":true,"href":"https:\/\/www.mpal.mp.br\/index.php?rest_route=%2Fwp%2Fv2%2Ftags&post=10287"}],"curies":[{"name":"wp","href":"https:\/\/api.w.org\/{rel}","templated":true}]}}