{"id":10281,"date":"2014-07-16T10:25:48","date_gmt":"2014-07-16T13:25:48","guid":{"rendered":"https:\/\/www.mpal.mp.br\/?p=10281"},"modified":"2022-06-21T10:27:06","modified_gmt":"2022-06-21T13:27:06","slug":"gecoc-e-pm-apreendem-100-quilos-de-maconha-em-operacao-no-alto-da-boa-vista","status":"publish","type":"post","link":"https:\/\/www.mpal.mp.br\/?p=10281","title":{"rendered":"Gecoc e PM apreendem 100 quilos de maconha em opera\u00e7\u00e3o no Alto da Boa Vista"},"content":{"rendered":"<p style=\"text-align: justify;\" align=\"justify\"><span style=\"font-size: 14pt;\">Numa opera\u00e7\u00e3o realizada na tarde desta ter\u00e7a-feira (15), no Alto da Boa Vista, no bairro da Ch\u00e3 da Jaqueira, o Grupo Estadual de Combate \u00e0s Organiza\u00e7\u00f5es Criminosas (Gecoc) do Minist\u00e9rio P\u00fablico Estadual de Alagoas, em parceria com a Pol\u00edcia Militar (PM), apreendeu 100 quilos de maconha no interior de uma resid\u00eancia. N\u00e3o houve pris\u00e3o.<\/span><\/p>\n<p style=\"text-align: justify;\" align=\"justify\"><span style=\"font-size: 14pt;\">A opera\u00e7\u00e3o \u00e9 uma continua\u00e7\u00e3o da a\u00e7\u00e3o realizada pelo Gecoc e pela PM no dia de ontem, quando 50 quilos de maconha foram recolhidos de um im\u00f3vel no bairro do Feitosa. A droga apreendida hoje pertence ao mesmo grupo criminoso, bando que comanda o tr\u00e1fico de drogas de dentro do sistema penitenci\u00e1rio de Alagoas.<\/span><\/p>\n<p style=\"text-align: justify;\" align=\"justify\"><span style=\"font-size: 14pt;\">N\u00e3o houve pris\u00e3o nesta ter\u00e7a-feira porque dentro da resid\u00eancia n\u00e3o havia ningu\u00e9m. A maconha foi encontrada em tabletes na sala. A droga foi levada \u00e0 Central de Flagrantes.<\/span><\/p>\n<p style=\"text-align: justify;\" align=\"justify\"><span style=\"font-size: 14pt;\">&#8220;Essa quantidade de droga est\u00e1 avaliada em cerca de R$ 130 mil e poderia render at\u00e9 150 mil cigarros de maconha&#8221;, informou o promotor de Justi\u00e7a Alfredo Gaspar de Mendon\u00e7a, coordenador do Gecoc.<\/span><\/p>\n<p style=\"text-align: justify;\" align=\"justify\"><span style=\"font-size: 14pt;\">A opera\u00e7\u00e3o foi realizada pelo MPE\/AL, Batalh\u00e3o de Radiopatrulha, 4\u00b0 Batalh\u00e3o da Pol\u00edcia Militar, Secretaria Estadual de Defesa Social e 17\u00aa Vara Criminal da Capital.<\/span><\/p>\n","protected":false},"excerpt":{"rendered":"<p> [&hellip;]<\/p>\n","protected":false},"author":2,"featured_media":10282,"comment_status":"open","ping_status":"open","sticky":false,"template":"","format":"standard","meta":{"om_disable_all_campaigns":false,"_monsterinsights_skip_tracking":false,"_monsterinsights_sitenote_active":false,"_monsterinsights_sitenote_note":"","_monsterinsights_sitenote_category":0,"_uf_show_specific_survey":0,"_uf_disable_surveys":false,"footnotes":""},"categories":[23],"tags":[],"class_list":["post-10281","post","type-post","status-publish","format-standard","has-post-thumbnail","hentry","category-not_gaeco"],"aioseo_notices":[],"_links":{"self":[{"href":"https:\/\/www.mpal.mp.br\/index.php?rest_route=\/wp\/v2\/posts\/10281","targetHints":{"allow":["GET"]}}],"collection":[{"href":"https:\/\/www.mpal.mp.br\/index.php?rest_route=\/wp\/v2\/posts"}],"about":[{"href":"https:\/\/www.mpal.mp.br\/index.php?rest_route=\/wp\/v2\/types\/post"}],"author":[{"embeddable":true,"href":"https:\/\/www.mpal.mp.br\/index.php?rest_route=\/wp\/v2\/users\/2"}],"replies":[{"embeddable":true,"href":"https:\/\/www.mpal.mp.br\/index.php?rest_route=%2Fwp%2Fv2%2Fcomments&post=10281"}],"version-history":[{"count":1,"href":"https:\/\/www.mpal.mp.br\/index.php?rest_route=\/wp\/v2\/posts\/10281\/revisions"}],"predecessor-version":[{"id":10283,"href":"https:\/\/www.mpal.mp.br\/index.php?rest_route=\/wp\/v2\/posts\/10281\/revisions\/10283"}],"wp:featuredmedia":[{"embeddable":true,"href":"https:\/\/www.mpal.mp.br\/index.php?rest_route=\/wp\/v2\/media\/10282"}],"wp:attachment":[{"href":"https:\/\/www.mpal.mp.br\/index.php?rest_route=%2Fwp%2Fv2%2Fmedia&parent=10281"}],"wp:term":[{"taxonomy":"category","embeddable":true,"href":"https:\/\/www.mpal.mp.br\/index.php?rest_route=%2Fwp%2Fv2%2Fcategories&post=10281"},{"taxonomy":"post_tag","embeddable":true,"href":"https:\/\/www.mpal.mp.br\/index.php?rest_route=%2Fwp%2Fv2%2Ftags&post=10281"}],"curies":[{"name":"wp","href":"https:\/\/api.w.org\/{rel}","templated":true}]}}