{"id":10278,"date":"2014-07-25T10:23:47","date_gmt":"2014-07-25T13:23:47","guid":{"rendered":"https:\/\/www.mpal.mp.br\/?p=10278"},"modified":"2022-06-21T10:24:15","modified_gmt":"2022-06-21T13:24:15","slug":"operacao-do-gecoc-no-sertao-evita-roubo-a-banco-e-resulta-na-prisao-de-oito-pessoas-e-na-apreensao-de-armas-veiculos-e-drogas","status":"publish","type":"post","link":"https:\/\/www.mpal.mp.br\/?p=10278","title":{"rendered":"Opera\u00e7\u00e3o do Gecoc no Sert\u00e3o evita roubo a banco e resulta na pris\u00e3o de oito pessoas e na apreens\u00e3o de armas, ve\u00edculos e drogas"},"content":{"rendered":"<p style=\"text-align: justify;\"><span style=\"font-size: 14pt;\">Uma a\u00e7\u00e3o conjunta do Grupo Estadual de Combate \u00e0s Organiza\u00e7\u00f5es Criminosas (Gecoc) com as Pol\u00edcias Civil e Militar e a 17\u00aa Vara Criminal da capital, realizada no Sert\u00e3o de Alagoas, que come\u00e7ou na tarde dessa quinta-feira (24\/07), com o objetivo de desarticular e prender uma quadrilha envolvida em assaltos a banco e outros crimes na regi\u00e3o, resultou na pris\u00e3o de oito pessoas e apreens\u00e3o de 16 bananas de dinamite, quatro espingardas, tr\u00eas rev\u00f3lveres 38, dezenas de espoletas, balas-clavas, luvas e sacos de liga, cerca de tr\u00eas quilos de drogas e uma luneta de fuzil para vis\u00e3o noturna.<\/span><\/p>\n<p style=\"text-align: justify;\"><span style=\"font-size: 14pt;\">A investiga\u00e7\u00e3o come\u00e7ou h\u00e1 cerca de dois meses e envolveu mais de 30 pessoas somente em Alagoas. Foram 16 mandados de busca e apreens\u00e3o e oito pris\u00f5es, todos expedidos pela 17\u00ba Vara Criminal, nas cidades de Mata Grande, Canapi e Delmiro Gouveia.<\/span><\/p>\n<p style=\"text-align: justify;\"><span style=\"font-size: 14pt;\">Dentre os presos, encontra-se um guarda municipal de Canapi,\u00a0Euz\u00e9bio Lima Piau\u00ed,\u00a0e ainda, o vereador e sub-gerente do Banco do Brasil de Mata Grande, Jo\u00e3o S\u00e9rgio Oliveira Pereira. O vereador \u00e9 suspeito de envolvimento a um recente assalto contra um banco na cidade de Inaj\u00e1, em Pernambuco. Num trabalho de campo, um agente infiltrado do Gecoc descobriu que na casa do vereador estava guardado armamento pesado e v\u00e1rios pacotes de dinheiro.<\/span><\/p>\n<p style=\"text-align: justify;\"><span style=\"font-size: 14pt;\">Durante o cumprimento de mandado de busca e apreens\u00e3o na resid\u00eancia do vereador Jo\u00e3o S\u00e9rgio, no in\u00edcio da manh\u00e3 de hoje (25\/07), foram apreendidos um rev\u00f3lver calibre 38, uma espingarda 12 e uma luneta para fuzil com mira infravermelha (vis\u00e3o noturna). Por isso, ele foi preso em flagrante delito por posse ilegal de armas. J\u00e1 para o roubo contra a ag\u00eancia de Inaj\u00e1, ele teria utilizado um ve\u00edculo Fiat Uno prata, placas OHE &#8211; 2496\/Mata Grande. No dia seguinte aquele assalto, ele teria abandonado o carro na BR 416.O vereador Jo\u00e3o S\u00e9rgio foi preso em Mata Grande. J\u00e1 os demais envolvidos foram detidos em Canapi.<\/span><\/p>\n<p style=\"text-align: justify;\"><span style=\"font-size: 14pt;\">&#8220;Essa quadrilha estava sendo monitorada h\u00e1 algum tempo e tinha participa\u00e7\u00e3o em, pelo menos, dois assaltos contra institui\u00e7\u00f5es banc\u00e1rias. Articulamos a a\u00e7\u00e3o e conseguimos reunir uma equipe comprometida com o combate ao crime em Alagoas. A opera\u00e7\u00e3o foi exitosa e, agora, todos eles v\u00e3o responder pelos delitos que cometeram&#8221;, afirmou o promotor Luiz Ten\u00f3rio, que coordenou os trabalhos pelo Gecoc.<\/span><\/p>\n<p style=\"text-align: justify;\"><span style=\"font-size: 14pt;\"><strong>Roubo evitado em Canapi<\/strong><\/span><\/p>\n<p style=\"text-align: justify;\"><span style=\"font-size: 14pt;\">A opera\u00e7\u00e3o come\u00e7ou na tarde dessa quinta-feira, com a intercepta\u00e7\u00e3o do ve\u00edculo Fiat Palio prata, placas IAD-2146\/Aracaju, que tinha como um dos ocupantes um homem identificado, at\u00e9 o momento, como \u201cSir\u00edaco\u201d. O acusado trocou tiros com as equipes da seguran\u00e7a p\u00fablica e morreu durante o confronto. Um outro fugiu. Sir\u00edaco tamb\u00e9m participou do assalto a Inaj\u00e1 e j\u00e1 era procurado pela pol\u00edcia de PE.<\/span><\/p>\n<p style=\"text-align: justify;\"><span style=\"font-size: 14pt;\">No Fiat Palio em que ele estava foram encontradas 14 bananas de dinamite, tr\u00eas espingardas, dezenas de espoletas, balas-clavas, luvas e v\u00e1rios sacos com ligas para amarrar dinheiro. Segundo as investiga\u00e7\u00f5es, o acusado estava levando o material para uma outra parte da quadrilha que o aguardava em Petrol\u00e2ndia, interior de Pernambuco. O bando estava se organizando para roubar o Banco do Brasil de Oliven\u00e7a na madrugada de hoje.<\/span><\/p>\n<p style=\"text-align: justify;\"><span style=\"font-size: 14pt;\">Como o trabalho de campo j\u00e1 acontecia em Petrol\u00e2ndia, com o apoio das Pol\u00edcias Civil e Militar de PE, a casa onde estava o bando que aguardava &#8220;Sir\u00edaco&#8221; era monitorada. Entretanto, um grupo conseguiu fugir. Quando as equipes entraram no im\u00f3vel, encontraram uma Amarok preta, placas NVL-5028\/Arapiraca, abandonada. Dentro dela tinham mais duas dinamites e balas-clavas. J\u00e1 no interior da casa foram encontrados dois quilos de maconha, uma pequena quantidade de crack, sacos para embalar coca\u00edna e mais ligas.<\/span><\/p>\n<p style=\"text-align: justify;\"><span style=\"font-size: 14pt;\">Presos e materiais apreendidos durante a opera\u00e7\u00e3o ser\u00e3o levados para a sede da Deic, em Macei\u00f3, no in\u00edcio da pr\u00f3xima semana.\u00a0Participaram da opera\u00e7\u00e3o o Minist\u00e9rio P\u00fablico Estadual de Alagoas (MPE\/AL), a Divis\u00e3o Especial de Investiga\u00e7\u00f5es e Capturas (DEIC), a Delegacia de Combate a Roubo a Bancos da Pol\u00edcia Civil de Alagoas, a Delegacia Regional de Delmiro Gouveia, o Departamento de Pol\u00edcia Judici\u00e1ria \u00c1rea 1, 7\u00ba e 9\u00ba Batalh\u00f5es da Pol\u00edcia Militar (BPM), a Companhia da Caatinga de Piranhas e as Pol\u00edcias Civil e Militar de Pernambuco.<\/span><\/p>\n<p style=\"text-align: justify;\"><span style=\"font-size: 14pt;\"><strong>Os presos<\/strong><\/span><\/p>\n<p style=\"text-align: justify;\"><span style=\"font-size: 14pt;\">Al\u00e9m do vereador de Mata Grande, Jo\u00e3o S\u00e9rgio Oliveira Pereira, e do guarda municipal de Canapi, Euz\u00e9bio Lima Piau\u00ed, foram presos os irm\u00e3os Iran Francisco S\u00e1 dos Santos e Roberm\u00e1rio Francisco S\u00e1 dos Santos, e ainda, Roberto Mandu de Lima, Ismar Luz da Silva, Francisco Alencar dos Santos e Jos\u00e9 Alexandre dos Santos.<\/span><\/p>\n","protected":false},"excerpt":{"rendered":"<p> [&hellip;]<\/p>\n","protected":false},"author":2,"featured_media":10279,"comment_status":"open","ping_status":"open","sticky":false,"template":"","format":"standard","meta":{"om_disable_all_campaigns":false,"_monsterinsights_skip_tracking":false,"_monsterinsights_sitenote_active":false,"_monsterinsights_sitenote_note":"","_monsterinsights_sitenote_category":0,"_uf_show_specific_survey":0,"_uf_disable_surveys":false,"footnotes":""},"categories":[23],"tags":[],"class_list":["post-10278","post","type-post","status-publish","format-standard","has-post-thumbnail","hentry","category-not_gaeco"],"aioseo_notices":[],"_links":{"self":[{"href":"https:\/\/www.mpal.mp.br\/index.php?rest_route=\/wp\/v2\/posts\/10278","targetHints":{"allow":["GET"]}}],"collection":[{"href":"https:\/\/www.mpal.mp.br\/index.php?rest_route=\/wp\/v2\/posts"}],"about":[{"href":"https:\/\/www.mpal.mp.br\/index.php?rest_route=\/wp\/v2\/types\/post"}],"author":[{"embeddable":true,"href":"https:\/\/www.mpal.mp.br\/index.php?rest_route=\/wp\/v2\/users\/2"}],"replies":[{"embeddable":true,"href":"https:\/\/www.mpal.mp.br\/index.php?rest_route=%2Fwp%2Fv2%2Fcomments&post=10278"}],"version-history":[{"count":1,"href":"https:\/\/www.mpal.mp.br\/index.php?rest_route=\/wp\/v2\/posts\/10278\/revisions"}],"predecessor-version":[{"id":10280,"href":"https:\/\/www.mpal.mp.br\/index.php?rest_route=\/wp\/v2\/posts\/10278\/revisions\/10280"}],"wp:featuredmedia":[{"embeddable":true,"href":"https:\/\/www.mpal.mp.br\/index.php?rest_route=\/wp\/v2\/media\/10279"}],"wp:attachment":[{"href":"https:\/\/www.mpal.mp.br\/index.php?rest_route=%2Fwp%2Fv2%2Fmedia&parent=10278"}],"wp:term":[{"taxonomy":"category","embeddable":true,"href":"https:\/\/www.mpal.mp.br\/index.php?rest_route=%2Fwp%2Fv2%2Fcategories&post=10278"},{"taxonomy":"post_tag","embeddable":true,"href":"https:\/\/www.mpal.mp.br\/index.php?rest_route=%2Fwp%2Fv2%2Ftags&post=10278"}],"curies":[{"name":"wp","href":"https:\/\/api.w.org\/{rel}","templated":true}]}}