{"id":10276,"date":"2014-07-26T10:22:34","date_gmt":"2014-07-26T13:22:34","guid":{"rendered":"https:\/\/www.mpal.mp.br\/?p=10276"},"modified":"2022-06-21T10:22:54","modified_gmt":"2022-06-21T13:22:54","slug":"tres-pessoas-sao-presas-em-operacao-do-gecoc-por-envolvimento-com-trafico-de-drogas","status":"publish","type":"post","link":"https:\/\/www.mpal.mp.br\/?p=10276","title":{"rendered":"Tr\u00eas pessoas s\u00e3o presas em opera\u00e7\u00e3o do Gecoc por envolvimento com tr\u00e1fico de drogas"},"content":{"rendered":"<p style=\"text-align: justify;\" align=\"justify\"><span style=\"font-size: 14pt;\">Uma opera\u00e7\u00e3o conjunta, coordenada pelo Grupo Estadual de Combate \u00e0s Organiza\u00e7\u00f5es Criminosas (Gecoc), resultou na pris\u00e3o de tr\u00eas pessoas, na noite dessa sexta-feira (25). O trio \u00e9 acusado de ser o respons\u00e1vel pelos 100 quilos de maconha apreendidos pelo Minist\u00e9rio P\u00fablico Estadual de Alagoas (MPE\/AL) e pela Pol\u00edcia Militar do Estado de Alagoas (PMAL) na semana passada.<\/span><\/p>\n<p style=\"text-align: justify;\" align=\"justify\"><span style=\"font-size: 14pt;\">Tamb\u00e9m participaram da opera\u00e7\u00e3o a 17\u00aa Vara Criminal da Capital, Radiopatrulha, Batalh\u00e3o de Opera\u00e7\u00f5es Policiais Especiais, Comando de Policiamento da Capital e Superintend\u00eancia Geral de Administra\u00e7\u00e3o Penitenci\u00e1ria<\/span><\/p>\n<p style=\"text-align: justify;\" align=\"justify\"><span style=\"font-size: 14pt;\">De acordo com as investiga\u00e7\u00f5es do Gecoc e do Servi\u00e7o de Intelig\u00eancia da PMAL, Marcos Rog\u00e9rio de Oliveira Silva, o &#8220;Doca&#8221;; C\u00edcero Augusto Am\u00e2ncio da Silva, mais conhecido como J\u00fanior; e F\u00e1bio In\u00e1cio dos Santos, cujos apelidos s\u00e3o &#8220;Gago da Jaqueira&#8221; e &#8220;Piaba&#8221;, s\u00e3o considerados os gerentes dos pontos de drogas que pertencem a dois reeducandos que atualmente cumprem pena no sistema prisional alagoano.<\/span><\/p>\n<p style=\"text-align: justify;\" align=\"justify\"><span style=\"font-size: 14pt;\">&#8220;Doca&#8221; e F\u00e1bio foram presos no bairro do Santos Dumont, e J\u00fanior, no Clima Bom, ap\u00f3s o cumprimento de dois mandados de busca e apreens\u00e3o expedidos pela 17\u00aa Vara. Eles n\u00e3o reagiram a pris\u00e3o.<\/span><\/p>\n<p style=\"text-align: justify;\" align=\"justify\"><span style=\"font-size: 14pt;\"><strong>O monitoramento<\/strong><\/span><\/p>\n<p style=\"text-align: justify;\" align=\"justify\"><span style=\"font-size: 14pt;\">A opera\u00e7\u00e3o de sexta-feira foi um desdobramento da a\u00e7\u00e3o que ocorreu na semana passada e culminou com a apreens\u00e3o de 100 quilos de maconha, no Alto da Boa Vista, na Ch\u00e3 da Jaqueira. Naquela ocasi\u00e3o, Gecoc e PMAL recolheram a droga, entretanto, os respons\u00e1veis n\u00e3o estavam no interior da casa onde se encontrava o entorpecente.<\/span><\/p>\n<p style=\"text-align: justify;\" align=\"justify\"><span style=\"font-size: 14pt;\">A maconha foi apreendida e as investiga\u00e7\u00f5es continuaram com o objetivo de prender os administradores dos pontos de il\u00edcitos de venda. &#8220;O monitoramento continua porque queremos chegar aos l\u00edderes da organiza\u00e7\u00e3o criminosa que comandam o tr\u00e1fico de dentro do sistema penitenci\u00e1rio&#8221;, explicou o promotor de Justi\u00e7a Alfredo Gaspar de Mendon\u00e7a, coordenador do Gecoc.<\/span><\/p>\n","protected":false},"excerpt":{"rendered":"<p> [&hellip;]<\/p>\n","protected":false},"author":2,"featured_media":9722,"comment_status":"open","ping_status":"open","sticky":false,"template":"","format":"standard","meta":{"om_disable_all_campaigns":false,"_monsterinsights_skip_tracking":false,"_monsterinsights_sitenote_active":false,"_monsterinsights_sitenote_note":"","_monsterinsights_sitenote_category":0,"_uf_show_specific_survey":0,"_uf_disable_surveys":false,"footnotes":""},"categories":[23],"tags":[],"class_list":["post-10276","post","type-post","status-publish","format-standard","has-post-thumbnail","hentry","category-not_gaeco"],"aioseo_notices":[],"_links":{"self":[{"href":"https:\/\/www.mpal.mp.br\/index.php?rest_route=\/wp\/v2\/posts\/10276","targetHints":{"allow":["GET"]}}],"collection":[{"href":"https:\/\/www.mpal.mp.br\/index.php?rest_route=\/wp\/v2\/posts"}],"about":[{"href":"https:\/\/www.mpal.mp.br\/index.php?rest_route=\/wp\/v2\/types\/post"}],"author":[{"embeddable":true,"href":"https:\/\/www.mpal.mp.br\/index.php?rest_route=\/wp\/v2\/users\/2"}],"replies":[{"embeddable":true,"href":"https:\/\/www.mpal.mp.br\/index.php?rest_route=%2Fwp%2Fv2%2Fcomments&post=10276"}],"version-history":[{"count":1,"href":"https:\/\/www.mpal.mp.br\/index.php?rest_route=\/wp\/v2\/posts\/10276\/revisions"}],"predecessor-version":[{"id":10277,"href":"https:\/\/www.mpal.mp.br\/index.php?rest_route=\/wp\/v2\/posts\/10276\/revisions\/10277"}],"wp:featuredmedia":[{"embeddable":true,"href":"https:\/\/www.mpal.mp.br\/index.php?rest_route=\/wp\/v2\/media\/9722"}],"wp:attachment":[{"href":"https:\/\/www.mpal.mp.br\/index.php?rest_route=%2Fwp%2Fv2%2Fmedia&parent=10276"}],"wp:term":[{"taxonomy":"category","embeddable":true,"href":"https:\/\/www.mpal.mp.br\/index.php?rest_route=%2Fwp%2Fv2%2Fcategories&post=10276"},{"taxonomy":"post_tag","embeddable":true,"href":"https:\/\/www.mpal.mp.br\/index.php?rest_route=%2Fwp%2Fv2%2Ftags&post=10276"}],"curies":[{"name":"wp","href":"https:\/\/api.w.org\/{rel}","templated":true}]}}