{"id":10273,"date":"2014-08-07T10:21:05","date_gmt":"2014-08-07T13:21:05","guid":{"rendered":"https:\/\/www.mpal.mp.br\/?p=10273"},"modified":"2022-06-21T10:22:05","modified_gmt":"2022-06-21T13:22:05","slug":"gecoc-realiza-operacao-de-combate-ao-trafico-nos-bairros-do-vergel-e-ponta-da-terra-duas-pessoas-foram-presas","status":"publish","type":"post","link":"https:\/\/www.mpal.mp.br\/?p=10273","title":{"rendered":"Gecoc realiza opera\u00e7\u00e3o de combate ao tr\u00e1fico nos bairros do Vergel e Ponta da Terra; duas pessoas foram presas"},"content":{"rendered":"<p style=\"text-align: justify;\"><span style=\"font-size: 14pt;\">Uma opera\u00e7\u00e3o conjunta, realizada pelo Grupo Estadual de Combate \u00e0s Organiza\u00e7\u00f5es Criminosas (Gecoc) do Minist\u00e9rio P\u00fablico Estadual de Alagoas e pela Pol\u00edcia Militar, atrav\u00e9s da Radiopatrulha, para o cumprimento de cinco medidas cautelares, terminou com duas pessoas presas no in\u00edcio da manh\u00e3 desta quinta-feira (07). A dupla \u00e9 acusada da pr\u00e1tica dos crimes de tr\u00e1fico ilegal de armas e drogas. Um dos detidos \u00e9 um policial reformado.<\/span><\/p>\n<p style=\"text-align: justify;\"><span style=\"font-size: 14pt;\">Josival Marinho de Ara\u00fajo, que \u00e9 militar aposentado, foi preso no bairro do Vergel do Lago, nas proximidades da Guarda Municipal de Macei\u00f3. De acordo com o Gecoc, ele \u00e9 fornecedor de armas e muni\u00e7\u00f5es para traficantes da regi\u00e3o e, ainda, para criminosos do bairro da Ponta da Terra. Na casa do PM foram apreendidas duas pistolas, um rev\u00f3lver e muni\u00e7\u00f5es de rev\u00f3lveres 32 e 38, de pistolas 9mm e 765 e de espingardas 20 e 28.<\/span><\/p>\n<p style=\"text-align: justify;\"><span style=\"font-size: 14pt;\">J\u00e1 na Ponta da Terra a pris\u00e3o em flagrante foi contra Valter Barbosa da Silva, mais conhecido como &#8220;Dida&#8221;. Ele seria um dos maiores traficantes daquela localidade, haja vista que abasteceria v\u00e1rios pontos de tr\u00e1fico de entorpecentes na parte baixa da cidade. Na resid\u00eancia de &#8220;Dida&#8221; foram apreendidos cerca de R$ 4,5 mil e uma grande pedra de crack.<\/span><\/p>\n<p style=\"text-align: justify;\"><span style=\"font-size: 14pt;\">Os acusados n\u00e3o reagiram as pris\u00f5es e, no momento da abordagem, ainda estavam dormindo. Os dois foram encaminhados para a Central de Flagrantes, em Macei\u00f3.<\/span><\/p>\n<p style=\"text-align: justify;\"><span style=\"font-size: 14pt;\">A opera\u00e7\u00e3o cumpriu cinco mandados de busca e apreens\u00e3o, todos expedidos pela 17\u00aa Vara Criminal da Capital, nos bairros do Vergel do Lago e Ponta da Terra. O Gecoc j\u00e1 investigava Josival Marinho e Valter Barbosa h\u00e1 dois meses.<\/span><\/p>\n","protected":false},"excerpt":{"rendered":"<p> [&hellip;]<\/p>\n","protected":false},"author":2,"featured_media":10274,"comment_status":"open","ping_status":"open","sticky":false,"template":"","format":"standard","meta":{"om_disable_all_campaigns":false,"_monsterinsights_skip_tracking":false,"_monsterinsights_sitenote_active":false,"_monsterinsights_sitenote_note":"","_monsterinsights_sitenote_category":0,"_uf_show_specific_survey":0,"_uf_disable_surveys":false,"footnotes":""},"categories":[23],"tags":[],"class_list":["post-10273","post","type-post","status-publish","format-standard","has-post-thumbnail","hentry","category-not_gaeco"],"aioseo_notices":[],"_links":{"self":[{"href":"https:\/\/www.mpal.mp.br\/index.php?rest_route=\/wp\/v2\/posts\/10273","targetHints":{"allow":["GET"]}}],"collection":[{"href":"https:\/\/www.mpal.mp.br\/index.php?rest_route=\/wp\/v2\/posts"}],"about":[{"href":"https:\/\/www.mpal.mp.br\/index.php?rest_route=\/wp\/v2\/types\/post"}],"author":[{"embeddable":true,"href":"https:\/\/www.mpal.mp.br\/index.php?rest_route=\/wp\/v2\/users\/2"}],"replies":[{"embeddable":true,"href":"https:\/\/www.mpal.mp.br\/index.php?rest_route=%2Fwp%2Fv2%2Fcomments&post=10273"}],"version-history":[{"count":1,"href":"https:\/\/www.mpal.mp.br\/index.php?rest_route=\/wp\/v2\/posts\/10273\/revisions"}],"predecessor-version":[{"id":10275,"href":"https:\/\/www.mpal.mp.br\/index.php?rest_route=\/wp\/v2\/posts\/10273\/revisions\/10275"}],"wp:featuredmedia":[{"embeddable":true,"href":"https:\/\/www.mpal.mp.br\/index.php?rest_route=\/wp\/v2\/media\/10274"}],"wp:attachment":[{"href":"https:\/\/www.mpal.mp.br\/index.php?rest_route=%2Fwp%2Fv2%2Fmedia&parent=10273"}],"wp:term":[{"taxonomy":"category","embeddable":true,"href":"https:\/\/www.mpal.mp.br\/index.php?rest_route=%2Fwp%2Fv2%2Fcategories&post=10273"},{"taxonomy":"post_tag","embeddable":true,"href":"https:\/\/www.mpal.mp.br\/index.php?rest_route=%2Fwp%2Fv2%2Ftags&post=10273"}],"curies":[{"name":"wp","href":"https:\/\/api.w.org\/{rel}","templated":true}]}}