{"id":10270,"date":"2014-08-25T10:15:57","date_gmt":"2014-08-25T13:15:57","guid":{"rendered":"https:\/\/www.mpal.mp.br\/?p=10270"},"modified":"2022-06-21T10:19:22","modified_gmt":"2022-06-21T13:19:22","slug":"operacao-coordenada-pelo-gecoc-resulta-na-apreensao-de-118-kg-de-maconha-e-mais-de-r-38-mil-quatro-pessoas-foram-presas-em-flagrante-delito","status":"publish","type":"post","link":"https:\/\/www.mpal.mp.br\/?p=10270","title":{"rendered":"Opera\u00e7\u00e3o coordenada pelo Gecoc resulta na apreens\u00e3o de 118 Kg de maconha e mais de R$ 38 mil; Quatro pessoas foram presas em flagrante delito"},"content":{"rendered":"<p style=\"text-align: justify;\"><span style=\"font-size: 14pt;\">Em opera\u00e7\u00e3o coordenada pelo Grupo Estadual de Combate \u00e0s Organiza\u00e7\u00f5es Criminosas (Gecoc) do Minist\u00e9rio P\u00fablico do Estado de Alagoas, em parceria com for\u00e7as da seguran\u00e7a p\u00fablica, foram apreendidos, na tarde desta segunda-feira (25), 118 quilos de maconha nos munic\u00edpios de Macei\u00f3 e de S\u00e3o Br\u00e1s, al\u00e9m de uma quantia de cerca de R$ 71 mil. Quatro pessoas foram presas em flagrante delito.<\/span><\/p>\n<p style=\"text-align: justify;\"><span style=\"font-size: 14pt;\">A opera\u00e7\u00e3o, que contou com a participa\u00e7\u00e3o da Pol\u00edcia Militar &#8211; Radiopatrulha, Batalh\u00e3o de Opera\u00e7\u00f5es Policiais Especiais (Bope) e o Comando de Policiamento da Capital (CPC) &#8211; e da Superintend\u00eancia Geral de Administra\u00e7\u00e3o Penitenci\u00e1ria (SGAP), cumpriu quatro mandados de busca e apreens\u00e3o, expedidos pela 17\u00aa Vara Criminal da Capital, nos bairros de Paju\u00e7ara, Ouro Preto e Vergel e, ainda, na cidade de S\u00e3o Br\u00e1s.<\/span><\/p>\n<p style=\"text-align: justify;\"><span style=\"font-size: 14pt;\">De acordo com o promotor de Justi\u00e7a Alfredo Gaspar de Mendon\u00e7a Neto, coordenador do Gecoc, a quadrilha recebia a droga de S\u00e3o Paulo e revendia aqui em Alagoas, na capital e no interior. &#8220;Um dos presos estava chegando aqui no Estado quando foi abordado nas imedia\u00e7\u00f5es da Pol\u00edcia Rodovi\u00e1ria Federal. Ele j\u00e1 havia enviado a droga para Macei\u00f3 e estava vindo receber R$ 25 mil. Como j\u00e1 v\u00ednhamos investigando-o, n\u00e3o foi dif\u00edcil localiz\u00e1-lo. Vamos ouvi-lo no Gecoc, e, depois, ele ser\u00e1 levado para a Central de Flagrantes&#8221;, explicou o promotor.<\/span><\/p>\n<p style=\"text-align: justify;\"><span style=\"font-size: 14pt;\"><strong>Flagrante delito<\/strong><\/span><\/p>\n<p style=\"text-align: justify;\"><span style=\"font-size: 14pt;\">Quatro homens foram presos em flagrante delito pelos crimes de tr\u00e1fico de drogas e associa\u00e7\u00e3o ao tr\u00e1fico, haja vista que com eles foram apreendidos entorpecentes, armas, dinheiro, dentre outros objetos. Com Valdemir Silva Alexandre foram recolhidos 118 quilos de maconha; j\u00e1 na casa de Jair Veloso, o Gecoc e a PM apreenderam uma pistola 380, 300 gramas de maconha, uma agenda, um tablet, cinco cart\u00f5es, seis aparelhos celulares, os autom\u00f3veis IX35 preto da Hyndai e uma Saveiro branca, dois cheques que, somados, totalizam o valor de R$ 20 mil, e mais R$ 10.490,00 em esp\u00e9cie; em posse de Valdir dos Santos foram apreendidos um rev\u00f3lver 38, seis muni\u00e7\u00f5es, um ve\u00edculo I30 da Hyndai, tr\u00eas celulares \u00a0e R$ 1.136,00 em esp\u00e9cie; e, com Jos\u00e9 Marcos dos Santos, o principal investigado, foram apreendidos dep\u00f3sitos banc\u00e1rios cujas cifras ultrapassam R$ 71.700,00, mais R$ 7 mil em esp\u00e9cie, um carro Cerato da Kia e um aparelho celular. Todos eles integram a mesma organiza\u00e7\u00e3o criminosa que comprava a droga vendida ilegalmente pelo homem que morava em S\u00e3o Paulo.<\/span><\/p>\n<p style=\"text-align: justify;\"><span style=\"font-size: 14pt;\">Ap\u00f3s serem ouvidos pelo promotor Alfredo Gaspar de Mendon\u00e7a, no pr\u00e9dio sede do Minist\u00e9rio P\u00fablico Estadual de Alagoas, todos os presos e o material recolhido foram encaminhados \u00e0 Central de Flagrantes, no bairro do Po\u00e7o.<\/span><\/p>\n","protected":false},"excerpt":{"rendered":"<p> [&hellip;]<\/p>\n","protected":false},"author":2,"featured_media":10271,"comment_status":"open","ping_status":"open","sticky":false,"template":"","format":"standard","meta":{"om_disable_all_campaigns":false,"_monsterinsights_skip_tracking":false,"_monsterinsights_sitenote_active":false,"_monsterinsights_sitenote_note":"","_monsterinsights_sitenote_category":0,"_uf_show_specific_survey":0,"_uf_disable_surveys":false,"footnotes":""},"categories":[23],"tags":[],"class_list":["post-10270","post","type-post","status-publish","format-standard","has-post-thumbnail","hentry","category-not_gaeco"],"aioseo_notices":[],"_links":{"self":[{"href":"https:\/\/www.mpal.mp.br\/index.php?rest_route=\/wp\/v2\/posts\/10270","targetHints":{"allow":["GET"]}}],"collection":[{"href":"https:\/\/www.mpal.mp.br\/index.php?rest_route=\/wp\/v2\/posts"}],"about":[{"href":"https:\/\/www.mpal.mp.br\/index.php?rest_route=\/wp\/v2\/types\/post"}],"author":[{"embeddable":true,"href":"https:\/\/www.mpal.mp.br\/index.php?rest_route=\/wp\/v2\/users\/2"}],"replies":[{"embeddable":true,"href":"https:\/\/www.mpal.mp.br\/index.php?rest_route=%2Fwp%2Fv2%2Fcomments&post=10270"}],"version-history":[{"count":1,"href":"https:\/\/www.mpal.mp.br\/index.php?rest_route=\/wp\/v2\/posts\/10270\/revisions"}],"predecessor-version":[{"id":10272,"href":"https:\/\/www.mpal.mp.br\/index.php?rest_route=\/wp\/v2\/posts\/10270\/revisions\/10272"}],"wp:featuredmedia":[{"embeddable":true,"href":"https:\/\/www.mpal.mp.br\/index.php?rest_route=\/wp\/v2\/media\/10271"}],"wp:attachment":[{"href":"https:\/\/www.mpal.mp.br\/index.php?rest_route=%2Fwp%2Fv2%2Fmedia&parent=10270"}],"wp:term":[{"taxonomy":"category","embeddable":true,"href":"https:\/\/www.mpal.mp.br\/index.php?rest_route=%2Fwp%2Fv2%2Fcategories&post=10270"},{"taxonomy":"post_tag","embeddable":true,"href":"https:\/\/www.mpal.mp.br\/index.php?rest_route=%2Fwp%2Fv2%2Ftags&post=10270"}],"curies":[{"name":"wp","href":"https:\/\/api.w.org\/{rel}","templated":true}]}}