{"id":10268,"date":"2014-09-03T10:14:34","date_gmt":"2014-09-03T13:14:34","guid":{"rendered":"https:\/\/www.mpal.mp.br\/?p=10268"},"modified":"2022-06-21T10:15:18","modified_gmt":"2022-06-21T13:15:18","slug":"policiais-militares-sao-presos-em-operacao-comandada-pelo-ministerio-publico-pms-sao-acusados-do-crime-de-associacao-para-o-trafico-de-drogas-e-extorsao","status":"publish","type":"post","link":"https:\/\/www.mpal.mp.br\/?p=10268","title":{"rendered":"Policiais militares s\u00e3o presos em opera\u00e7\u00e3o comandada pelo Minist\u00e9rio P\u00fablico; PM&#8217;s s\u00e3o acusados do crime de associa\u00e7\u00e3o para o tr\u00e1fico de drogas e extors\u00e3o"},"content":{"rendered":"<p style=\"text-align: justify;\"><span style=\"font-size: 14pt;\">Quatro policiais militares foram presos, no in\u00edcio da manh\u00e3 desta quinta-feira (04), numa opera\u00e7\u00e3o comandada pelo Grupo de Combate \u00e0s Organiza\u00e7\u00f5es Criminosas (Gecoc) do Minist\u00e9rio P\u00fablico Estadual de Alagoas, em parceria com a Secretaria de Estado de Defesa Social (Seds) e da Pol\u00edcia Militar &#8211; 8\u00ba BPM, Radiopatrulha e Batalh\u00e3o de Opera\u00e7\u00f5es Policiais Especiais (Bope) e 3\u00aa Companhia Independente.<\/span><\/p>\n<p style=\"text-align: justify;\"><span style=\"font-size: 14pt;\">Foram cumpridos quatro mandados de pris\u00e3o e outros quatro mandados de busca e apreens\u00e3o, todos expedidos pela 17\u00aa Vara Criminal da capital, nos bairros do Benedito Bentes, Cidade Universit\u00e1ria, Tabuleiro do Martins e Serraria. Os PM&#8217;s s\u00e3o acusados de usar a farda e as viaturas da corpora\u00e7\u00e3o para invadir pontos de tr\u00e1fico de drogas, recolher os entorpecentes, revend\u00ea-los, ganhar dinheiro com esse com\u00e9rcio ilegal e n\u00e3o efetuar as pris\u00f5es dos criminosos encontrados em flagrante delito.<\/span><\/p>\n<p style=\"text-align: justify;\"><span style=\"font-size: 14pt;\">Foram presos o cabo Anderson Cazaes Abreu, mais conhecido como \u201ccabo Abreu\u201d, \u2013 atualmente lotado no Batalh\u00e3o de Eventos (BPE) &#8211; e Jos\u00e9 Francisco Buarque dos Santos, o \u201csoldado Buarque\u201d; Marcos Brito Silva, o \u201csoldado Brito\u201d e Fl\u00e1vio Jos\u00e9 Viana de Andrade, o &#8220;soldado Fl\u00e1vio\u201d, todos pertencentes a Radiopatrulha (RP). Eles foram detidos em casa e n\u00e3o reagiram a pris\u00e3o. No domic\u00edlio do cabo Abreu, a for\u00e7a-tarefa, que contavam com mais de 40 homens dos tr\u00eas \u00f3rg\u00e3os de seguran\u00e7a p\u00fablica, apreendeu uma balan\u00e7a de precis\u00e3o, um equipamento de som, joias e muni\u00e7\u00f5es de diversos calibre. J\u00e1 na casa do soldado Fl\u00e1vio, foram apreendidos v\u00e1rios comprimidos de ecstasy e um rev\u00f3lver calibre 38, que teria sido usado num homic\u00eddio.<\/span><\/p>\n<p style=\"text-align: justify;\"><span style=\"font-size: 14pt;\">Ap\u00f3s a pris\u00e3o, os militares foram encaminhados ao Instituto M\u00e9dico Legal (IML) para a realiza\u00e7\u00e3o do exame de corpo de delito. Em seguida, foram levados ao sistema penitenci\u00e1rio.<\/span><\/p>\n<p style=\"text-align: justify;\"><span style=\"font-size: 14pt;\"><strong>Investiga\u00e7\u00f5es<\/strong><\/span><\/p>\n<p style=\"text-align: justify;\"><span style=\"font-size: 14pt;\">As investiga\u00e7\u00f5es contra os policiais foram feitas pelo Grupo Estadual de Combate \u00e0s Organiza\u00e7\u00f5es criminosas (Gecoc), pela Promotoria de Justi\u00e7a do Controle Externo da Atividade Policial e pela Promotoria de Justi\u00e7a de Execu\u00e7\u00f5es Penais. Durante a apura\u00e7\u00e3o, os promotores de Justi\u00e7a Alfredo Gaspar de Mendon\u00e7a, Ant\u00f4nio Luiz dos Santos Filho, Ham\u00edlton Carneiro J\u00fanior, Fl\u00e1vio Gomes da Costa e Cyro Blatter descobriram que o cabo Abreu liderava o grupo criminoso.<\/span><\/p>\n<p style=\"text-align: justify;\"><span style=\"font-size: 14pt;\">O trabalho investigativo teve in\u00edcio ap\u00f3s o atentado registrado contra um cabo da Radiopatrulha h\u00e1 cerca de quatro meses. Depois desse epis\u00f3dio, levantou-se suspeita contra o tamb\u00e9m cabo Anderson Abreu, que fora apontado como um dos suspeitos do crime cometido contra o colega de farda. Na sequ\u00eancia da apura\u00e7\u00e3o, por meio do Servi\u00e7o de Intelig\u00eancia do Gecoc, descobriu-se que Abreu tinha envolvimento com o tr\u00e1fico de drogas em Macei\u00f3.<\/span><\/p>\n<p style=\"text-align: justify;\"><span style=\"font-size: 14pt;\">O trabalho teve continuidade com o depoimento prestado por um traficante que teve sua droga apreendida pelo bando. O homem que fez a den\u00fancia por meio do instrumento de colabora\u00e7\u00e3o premiada, confirmou que Abreu, Buarque, Fl\u00e1vio e Brito, nos dias em que estavam de servi\u00e7o, invadiam resid\u00eancias e pontos de drogas de v\u00e1rios traficantes da cidade, recolhiam todo o entorpecente que era encontrado e, em seguida, entregava-o para homens de sua confian\u00e7a. Tais pessoas ficavam respons\u00e1veis pelo com\u00e9rcio ilegal dos produtos e por entregar o dinheiro aos militares ap\u00f3s a venda.<\/span><\/p>\n<p style=\"text-align: justify;\"><span style=\"font-size: 14pt;\">Os PM&#8217;s tamb\u00e9m s\u00e3o acusados do crime de corrup\u00e7\u00e3o passiva, haja vista que h\u00e1 den\u00fancias de que eles, ao chegarem em determinados pontos de venda de drogas, extorquiam os traficantes para n\u00e3o efetuar as pris\u00f5es em flagrante.<\/span><\/p>\n<p style=\"text-align: justify;\"><span style=\"font-size: 14pt;\">Ainda pesa contra os policiais a acusa\u00e7\u00e3o de recepta\u00e7\u00e3o de material roubado por quadrilhas de traficantes e ladr\u00f5es de carro que, para manter uma rela\u00e7\u00e3o cordial com os militares, abasteciam os PM&#8217;s com produtos de roubo, a exemplo de j\u00f3ias, ve\u00edculos e armas. Durante a investiga\u00e7\u00e3o, o MPE\/AL tamb\u00e9m acabou descobrindo que, aqueles carros que eram roubados pela organiza\u00e7\u00e3o criminosa, somente eram devolvidos aos seus propriet\u00e1rios mediante a cobran\u00e7a de um valor negociado atrav\u00e9s de contato entre os militares presos e v\u00edtimas.<\/span><\/p>\n<p style=\"text-align: justify;\"><span style=\"font-size: 14pt;\">\u201cA pris\u00e3o cautelar dos investigados ir\u00e1 interromper a atividade criminosa continuada dos integrantes do bando, causadora de preju\u00edzos irrepar\u00e1veis. A quadrilha investigada tem agido com estabilidade e perman\u00eancia no cometimento de delitos funcionais e de tr\u00e1fico de drogas\u201d, argumentaram os promotores de Justi\u00e7a em of\u00edcio encaminhado \u00e0 17\u00aa Vara Criminal da capital.<\/span><\/p>\n","protected":false},"excerpt":{"rendered":"<p> [&hellip;]<\/p>\n","protected":false},"author":2,"featured_media":9722,"comment_status":"open","ping_status":"open","sticky":false,"template":"","format":"standard","meta":{"om_disable_all_campaigns":false,"_monsterinsights_skip_tracking":false,"_monsterinsights_sitenote_active":false,"_monsterinsights_sitenote_note":"","_monsterinsights_sitenote_category":0,"_uf_show_specific_survey":0,"_uf_disable_surveys":false,"footnotes":""},"categories":[23],"tags":[],"class_list":["post-10268","post","type-post","status-publish","format-standard","has-post-thumbnail","hentry","category-not_gaeco"],"aioseo_notices":[],"_links":{"self":[{"href":"https:\/\/www.mpal.mp.br\/index.php?rest_route=\/wp\/v2\/posts\/10268","targetHints":{"allow":["GET"]}}],"collection":[{"href":"https:\/\/www.mpal.mp.br\/index.php?rest_route=\/wp\/v2\/posts"}],"about":[{"href":"https:\/\/www.mpal.mp.br\/index.php?rest_route=\/wp\/v2\/types\/post"}],"author":[{"embeddable":true,"href":"https:\/\/www.mpal.mp.br\/index.php?rest_route=\/wp\/v2\/users\/2"}],"replies":[{"embeddable":true,"href":"https:\/\/www.mpal.mp.br\/index.php?rest_route=%2Fwp%2Fv2%2Fcomments&post=10268"}],"version-history":[{"count":1,"href":"https:\/\/www.mpal.mp.br\/index.php?rest_route=\/wp\/v2\/posts\/10268\/revisions"}],"predecessor-version":[{"id":10269,"href":"https:\/\/www.mpal.mp.br\/index.php?rest_route=\/wp\/v2\/posts\/10268\/revisions\/10269"}],"wp:featuredmedia":[{"embeddable":true,"href":"https:\/\/www.mpal.mp.br\/index.php?rest_route=\/wp\/v2\/media\/9722"}],"wp:attachment":[{"href":"https:\/\/www.mpal.mp.br\/index.php?rest_route=%2Fwp%2Fv2%2Fmedia&parent=10268"}],"wp:term":[{"taxonomy":"category","embeddable":true,"href":"https:\/\/www.mpal.mp.br\/index.php?rest_route=%2Fwp%2Fv2%2Fcategories&post=10268"},{"taxonomy":"post_tag","embeddable":true,"href":"https:\/\/www.mpal.mp.br\/index.php?rest_route=%2Fwp%2Fv2%2Ftags&post=10268"}],"curies":[{"name":"wp","href":"https:\/\/api.w.org\/{rel}","templated":true}]}}