{"id":10250,"date":"2021-06-03T10:04:53","date_gmt":"2021-06-03T13:04:53","guid":{"rendered":"https:\/\/www.mpal.mp.br\/?p=10250"},"modified":"2022-06-21T10:05:13","modified_gmt":"2022-06-21T13:05:13","slug":"forca-tarefa-vai-requisitar-planilhas-de-vacinados-para-acompanhar-detalhes-do-plano-de-imunizacao-em-alagoas","status":"publish","type":"post","link":"https:\/\/www.mpal.mp.br\/?p=10250","title":{"rendered":"For\u00e7a-tarefa vai requisitar planilhas de vacinados para acompanhar detalhes do plano de imuniza\u00e7\u00e3o em Alagoas"},"content":{"rendered":"<p style=\"text-align: justify;\" data-raofz=\"14\"><span style=\"font-size: 14pt;\" data-raofz=\"13\">A For\u00e7a-Tarefa de Preven\u00e7\u00e3o e Enfrentamento \u00e0 Pandemia da Covid-19 do Minist\u00e9rio P\u00fablico do Estado de Alagoas (MPAL) vai requisitar ao estado e aos munic\u00edpios alagoanos as planilhas onde constam os nomes de todas as pessoas que foram vacinadas at\u00e9 agora contra a Covid-19. O objetivo \u00e9 monitorar a lista de pessoas imunizadas, de modo que o colegiado possa ter o controle do plano de imuniza\u00e7\u00e3o estadual. A FT tamb\u00e9m decidiu que vai refor\u00e7ar tanto junto a Secretaria Estadual de Sa\u00fade (Sesau) quanto a Associa\u00e7\u00e3o dos Munic\u00edpios Alagoanos (AMA) a necessidade de se manter as medidas de combate ao novo coronav\u00edrus e da import\u00e2ncia da fiscaliza\u00e7\u00e3o sobre essas a\u00e7\u00f5es que devem continuar sendo respeitadas pela popula\u00e7\u00e3o.<\/span><\/p>\n<p style=\"text-align: justify;\" data-raofz=\"14\"><span style=\"font-size: 14pt;\" data-raofz=\"13\">Para a reuni\u00e3o dessa quarta-feira (2), foram convidados \u00e0 videconfer\u00eancia da for\u00e7a-tarefa o Conselho Regional de Medicina de Alagoas, o Conselho de Secretarias Municipais de Sa\u00fade de Alagoas e a Secretaria de Sa\u00fade de Macei\u00f3. De in\u00edcio, as autoridades foram questionadas sobre a exist\u00eancia de den\u00fancia de fura-filas e se h\u00e1 atestados m\u00e9dicos sob suspeitas. \u201cPrecis\u00e1vamos saber acerca das provid\u00eancias que est\u00e3o sendo adotadas para fiscaliza\u00e7\u00e3o do cumprimento dos crit\u00e9rios existentes para vacina\u00e7\u00e3o do grupo de pessoas com comorbidades. No caso, indagamos os conselhos e o munic\u00edpio de Macei\u00f3 se h\u00e1 atestados falsos ou que est\u00e3o sob investiga\u00e7\u00e3o e se existem m\u00e9dicos acusados de fornecer esses documentos. A resposta foi negativa, ou seja, por enquanto, n\u00e3o chegou nenhuma den\u00fancia de irregularidade, n\u00e3o h\u00e1 qualquer caso concreto sob apura\u00e7\u00e3o\u201d, informou o promotor de Justi\u00e7a Jos\u00e9 Carlos Castro.<\/span><\/p>\n<p style=\"text-align: justify;\" data-raofz=\"14\"><span style=\"font-size: 14pt;\" data-raofz=\"13\">Apesar de ainda n\u00e3o existirem atestados suspeitos, a for\u00e7a-tarefa decidiu que vai solicitar mais informa\u00e7\u00f5es dos dados das pessoas vacinadas atrav\u00e9s de planilhas, para fins de aferi\u00e7\u00e3o, bem como que seja avaliado pela Secretaria Municipal de Sa\u00fade que se incluam os dados dos m\u00e9dicos que fornecerem os atestados, nos registros da vacina\u00e7\u00e3o. Dessa forma, o Minist\u00e9rio P\u00fablico entende que ser\u00e1 mais f\u00e1cil fazer o controle dos cidad\u00e3os j\u00e1 vacinados.<\/span><\/p>\n<p style=\"text-align: justify;\" data-raofz=\"14\"><span style=\"font-size: 14pt;\" data-raofz=\"13\"><strong>Popula\u00e7\u00e3o pode denunciar<\/strong><\/span><\/p>\n<p style=\"text-align: justify;\" data-raofz=\"14\"><span style=\"font-size: 14pt;\" data-raofz=\"13\">A FT tamb\u00e9m lembrou que qualquer cidad\u00e3o pode denunciar casos de atestados falsos. Para isso, basta acessar o endere\u00e7o eletr\u00f4nico\u00a0<a role=\"link\" href=\"https:\/\/www.mpal.mp.br\/ouvidoria\/\" data-raofz=\"13\">https:\/\/www.mpal.mp.br\/ouvidoria\/<\/a>\u00a0ou baixar o aplicativo Ouvidoria MPAL \u2013 dispon\u00edvel nas plataformas Android e IOS \u2013 e relatar a suposta irregularidade.<\/span><\/p>\n<p style=\"text-align: justify;\" data-raofz=\"14\"><span style=\"font-size: 14pt;\" data-raofz=\"13\">Ainda durante o encontro on-line, a Secretaria Municipal de Sa\u00fade informou que, aqui na capital alagoana, a vacina\u00e7\u00e3o j\u00e1 atingiu 93% dos grupos com comorbidades estimados para Macei\u00f3. No estado, o percentual \u00e9 de 38,3%.<\/span><\/p>\n<p style=\"text-align: justify;\" data-raofz=\"14\"><span style=\"font-size: 14pt;\" data-raofz=\"13\"><strong>Refor\u00e7o nas medidas<\/strong><\/span><\/p>\n<p style=\"text-align: justify;\" data-raofz=\"14\"><span style=\"font-size: 14pt;\" data-raofz=\"13\">E a pauta do colegiado tratou ainda, a pedido do promotor de Justi\u00e7a Lucas Mascarenhas, que demostrou preocupa\u00e7\u00e3o com a superlota\u00e7\u00e3o de leitos de UTI na cidade de Arapiraca e regi\u00e3o, da necessidade de refor\u00e7o nas medidas de enfrentamento ao novo coronav\u00edrus. Ficou decidido que a FT vai ratificar junto ao estado e a AMA para que os gestores promovam campanhas de conscientiza\u00e7\u00e3o sobre a pandemia, que exijam o cumprimento, por exemplo, do distanciamento social e do uso de m\u00e1scara, e que passem a fiscalizar com mais rigor se a popula\u00e7\u00e3o est\u00e1 respeitando os decretos estadual e municipal.<\/span><\/p>\n<p style=\"text-align: justify;\" data-raofz=\"14\"><span style=\"font-size: 14pt;\" data-raofz=\"13\"><strong>J\u00fari presencial<\/strong><\/span><\/p>\n<p style=\"text-align: justify;\" data-raofz=\"14\"><span style=\"font-size: 14pt;\" data-raofz=\"13\">A respeito da manuten\u00e7\u00e3o de j\u00faris presenciais, a for\u00e7a-tarefa deliberou que, nos pr\u00f3ximos dias, tentar\u00e1 se reunir com o Tribunal de Justi\u00e7a para que haja a suspens\u00e3o desse tipo de atividade, propondo que os pr\u00f3ximos julgamentos ocorram por meio de plataformas digitais enquanto perdurar a fase vermelha da pandemia da Covid-19. A preocupa\u00e7\u00e3o do Minist\u00e9rio P\u00fablico \u00e9 com toda a estrutura mobilizada para a realiza\u00e7\u00e3o de um j\u00fari, que costuma reunir muitas pessoas, desde promotores de Justi\u00e7a e ju\u00edzes, serventu\u00e1rios do Poder Judici\u00e1rio, policiais penais, al\u00e9m dos pr\u00f3prios r\u00e9us e seus familiares.\u00a0<\/span><\/p>\n","protected":false},"excerpt":{"rendered":"<p> [&hellip;]<\/p>\n","protected":false},"author":1,"featured_media":10252,"comment_status":"open","ping_status":"open","sticky":false,"template":"","format":"standard","meta":{"om_disable_all_campaigns":false,"_monsterinsights_skip_tracking":false,"_monsterinsights_sitenote_active":false,"_monsterinsights_sitenote_note":"","_monsterinsights_sitenote_category":0,"_uf_show_specific_survey":0,"_uf_disable_surveys":false,"footnotes":""},"categories":[2],"tags":[],"class_list":["post-10250","post","type-post","status-publish","format-standard","has-post-thumbnail","hentry","category-not_mpal"],"aioseo_notices":[],"_links":{"self":[{"href":"https:\/\/www.mpal.mp.br\/index.php?rest_route=\/wp\/v2\/posts\/10250","targetHints":{"allow":["GET"]}}],"collection":[{"href":"https:\/\/www.mpal.mp.br\/index.php?rest_route=\/wp\/v2\/posts"}],"about":[{"href":"https:\/\/www.mpal.mp.br\/index.php?rest_route=\/wp\/v2\/types\/post"}],"author":[{"embeddable":true,"href":"https:\/\/www.mpal.mp.br\/index.php?rest_route=\/wp\/v2\/users\/1"}],"replies":[{"embeddable":true,"href":"https:\/\/www.mpal.mp.br\/index.php?rest_route=%2Fwp%2Fv2%2Fcomments&post=10250"}],"version-history":[{"count":1,"href":"https:\/\/www.mpal.mp.br\/index.php?rest_route=\/wp\/v2\/posts\/10250\/revisions"}],"predecessor-version":[{"id":10253,"href":"https:\/\/www.mpal.mp.br\/index.php?rest_route=\/wp\/v2\/posts\/10250\/revisions\/10253"}],"wp:featuredmedia":[{"embeddable":true,"href":"https:\/\/www.mpal.mp.br\/index.php?rest_route=\/wp\/v2\/media\/10252"}],"wp:attachment":[{"href":"https:\/\/www.mpal.mp.br\/index.php?rest_route=%2Fwp%2Fv2%2Fmedia&parent=10250"}],"wp:term":[{"taxonomy":"category","embeddable":true,"href":"https:\/\/www.mpal.mp.br\/index.php?rest_route=%2Fwp%2Fv2%2Fcategories&post=10250"},{"taxonomy":"post_tag","embeddable":true,"href":"https:\/\/www.mpal.mp.br\/index.php?rest_route=%2Fwp%2Fv2%2Ftags&post=10250"}],"curies":[{"name":"wp","href":"https:\/\/api.w.org\/{rel}","templated":true}]}}