{"id":10244,"date":"2021-06-04T10:03:29","date_gmt":"2021-06-04T13:03:29","guid":{"rendered":"https:\/\/www.mpal.mp.br\/?p=10244"},"modified":"2022-06-21T10:03:41","modified_gmt":"2022-06-21T13:03:41","slug":"laje-apos-recomendacao-do-mpal-a-prefeitura-recua-da-pretensao-de-vacinar-comerciantes","status":"publish","type":"post","link":"https:\/\/www.mpal.mp.br\/?p=10244","title":{"rendered":"Laje: Ap\u00f3s recomenda\u00e7\u00e3o do MPAL a Prefeitura recua da pretens\u00e3o de vacinar comerciantes"},"content":{"rendered":"<p style=\"text-align: justify;\" align=\"justify\" data-raofz=\"14\"><span style=\"font-size: 14pt;\">Seguir as normas estabelecidas, contemplando p\u00fablicos selecionados, primando pelo respeito ao cidad\u00e3o e evitando problemas futuros para os gestores. Ap\u00f3s recomenda\u00e7\u00e3o do Minist\u00e9rio P\u00fablico de Alagoas (MPAL), por meio da Promotoria de Justi\u00e7a de S\u00e3o Jos\u00e9 da Laje, o secret\u00e1rio municipal de Sa\u00fade, Fernando Batista Chicuta da Rocha, enviou of\u00edcio afirmando que a Prefeitura recuaria no tocante \u00e0 vacina\u00e7\u00e3o dos comerciantes, mantendo o procedimento oficial definido pelo Minist\u00e9rio da Sa\u00fade (MS) e aplicado em todo Brasil, conforme vem ocorrendo nos demais munic\u00edpios alagoanos.<\/span><\/p>\n<p style=\"text-align: justify;\" align=\"justify\" data-raofz=\"14\"><span style=\"font-size: 14pt;\">O promotor de Justi\u00e7a, Carlos Eduardo Baltar, foi acionado pela For\u00e7a-Tarefa de Enfrentamento \u00e0 Covid-19, do MPAL, e imediatamente entrou em a\u00e7\u00e3o.<\/span><\/p>\n<p style=\"text-align: justify;\" align=\"justify\" data-raofz=\"14\"><span style=\"font-size: 14pt;\">\u201cEles fizeram postagens avisando que a Prefeitura iria incluir os comerciantes no processo de imuniza\u00e7\u00e3o e o MP n\u00e3o poderia, de forma alguma, permitir; visto a exist\u00eancia de regras, estariam descumprindo as recomenda\u00e7\u00f5es do Minist\u00e9rio da Sa\u00fade ao colocar para a vacina\u00e7\u00e3o grupo que n\u00e3o est\u00e1 ainda contemplado. Ent\u00e3o, os colegas da for\u00e7a-tarefa entraram em contato e adotei as medidas cab\u00edveis para que isso fosse evitado. Sabemos da necessidade de todos se vacinarem, mas n\u00e3o se pode priorizar categorias sem que haja algo oficialmente\u201d, detalha o promotor.<\/span><\/p>\n<p style=\"text-align: justify;\" align=\"justify\" data-raofz=\"14\"><span style=\"font-size: 14pt;\">De acordo com Baltar, houve contato direto com o secret\u00e1rio municipal de Sa\u00fade, onde foi prevenido. A Prefeitura havia divulgado que vacinariam comerciantes acima dos 40 anos. Ainda nessa quinta-feira (3), o secret\u00e1rio Fernando Batista encaminhou o Of\u00edcio 161\/2021, assim se posicionando como gestor da Sa\u00fade de S\u00e3o Jos\u00e9 da Laje:<\/span><\/p>\n<p style=\"text-align: justify;\" align=\"justify\" data-raofz=\"14\"><span style=\"font-size: 14pt;\">\u201cAtrav\u00e9s do presente, considerando a determina\u00e7\u00e3o de V. Ex\u00aa., quanto \u00e0 imediata suspens\u00e3o da vacina\u00e7\u00e3o COVID-19 em favor do grupo atual a ser imunizado (comerciantes acima dos 40 anos de idade em diante) , cumpre informar que foi prontamente cumprida\u201d.<\/span><\/p>\n<p style=\"text-align: justify;\" align=\"justify\" data-raofz=\"14\"><span style=\"font-size: 14pt;\">E, apesar de alegar que para tal iniciativa basearam-se na Lei Municipal 154\/2021, e que tamb\u00e9m seria sem preju\u00edzo algum ao plano de vacina\u00e7\u00e3o da Uni\u00e3o, o secret\u00e1rio refor\u00e7ou o acatamento da orienta\u00e7\u00e3o ministerial.<\/span><\/p>\n<p style=\"text-align: justify;\" align=\"justify\" data-raofz=\"14\"><span style=\"font-size: 14pt;\">\u201cPor fim, com a devida v\u00eania e, a fim de preservar a responsabilidade e efici\u00eancia com as quais a Secretaria de Sa\u00fade vem administrando tamanha crise sanit\u00e1ria, a partir de ent\u00e3o, iremos seguir com o cronograma de vacina\u00e7\u00e3o por faixa et\u00e1ria, em ordem decrescente.<\/span><\/p>\n","protected":false},"excerpt":{"rendered":"<p> [&hellip;]<\/p>\n","protected":false},"author":1,"featured_media":10247,"comment_status":"open","ping_status":"open","sticky":false,"template":"","format":"standard","meta":{"om_disable_all_campaigns":false,"_monsterinsights_skip_tracking":false,"_monsterinsights_sitenote_active":false,"_monsterinsights_sitenote_note":"","_monsterinsights_sitenote_category":0,"_uf_show_specific_survey":0,"_uf_disable_surveys":false,"footnotes":""},"categories":[2],"tags":[],"class_list":["post-10244","post","type-post","status-publish","format-standard","has-post-thumbnail","hentry","category-not_mpal"],"aioseo_notices":[],"_links":{"self":[{"href":"https:\/\/www.mpal.mp.br\/index.php?rest_route=\/wp\/v2\/posts\/10244","targetHints":{"allow":["GET"]}}],"collection":[{"href":"https:\/\/www.mpal.mp.br\/index.php?rest_route=\/wp\/v2\/posts"}],"about":[{"href":"https:\/\/www.mpal.mp.br\/index.php?rest_route=\/wp\/v2\/types\/post"}],"author":[{"embeddable":true,"href":"https:\/\/www.mpal.mp.br\/index.php?rest_route=\/wp\/v2\/users\/1"}],"replies":[{"embeddable":true,"href":"https:\/\/www.mpal.mp.br\/index.php?rest_route=%2Fwp%2Fv2%2Fcomments&post=10244"}],"version-history":[{"count":1,"href":"https:\/\/www.mpal.mp.br\/index.php?rest_route=\/wp\/v2\/posts\/10244\/revisions"}],"predecessor-version":[{"id":10248,"href":"https:\/\/www.mpal.mp.br\/index.php?rest_route=\/wp\/v2\/posts\/10244\/revisions\/10248"}],"wp:featuredmedia":[{"embeddable":true,"href":"https:\/\/www.mpal.mp.br\/index.php?rest_route=\/wp\/v2\/media\/10247"}],"wp:attachment":[{"href":"https:\/\/www.mpal.mp.br\/index.php?rest_route=%2Fwp%2Fv2%2Fmedia&parent=10244"}],"wp:term":[{"taxonomy":"category","embeddable":true,"href":"https:\/\/www.mpal.mp.br\/index.php?rest_route=%2Fwp%2Fv2%2Fcategories&post=10244"},{"taxonomy":"post_tag","embeddable":true,"href":"https:\/\/www.mpal.mp.br\/index.php?rest_route=%2Fwp%2Fv2%2Ftags&post=10244"}],"curies":[{"name":"wp","href":"https:\/\/api.w.org\/{rel}","templated":true}]}}