{"id":10241,"date":"2014-12-01T10:01:21","date_gmt":"2014-12-01T12:01:21","guid":{"rendered":"https:\/\/www.mpal.mp.br\/?p=10241"},"modified":"2022-06-21T10:02:52","modified_gmt":"2022-06-21T13:02:52","slug":"promotores-do-gecoc-recebem-premio-jose-aprigio-vilela-de-gestao-responsavel-e-empreendedora","status":"publish","type":"post","link":"https:\/\/www.mpal.mp.br\/?p=10241","title":{"rendered":"Promotores do Gecoc recebem pr\u00eamio Jos\u00e9 Apr\u00edgio Vilela de Gest\u00e3o Respons\u00e1vel e Empreendedora"},"content":{"rendered":"<p style=\"text-align: justify;\"><span style=\"font-size: 14pt;\">O Grupo Estadual de Combate \u00e0s Organiza\u00e7\u00f5es Criminosas do Minist\u00e9rio P\u00fablico do Estado de Alagoas (Gecoc) recebeu, na noite do \u00faltimo s\u00e1bado (30), o pr\u00eamio Jos\u00e9 Apr\u00edgio Vilela de Gest\u00e3o Respons\u00e1vel e Empreendedora. Promovida pelo Instituto Cidad\u00e3o, a 6\u00aa edi\u00e7\u00e3o do evento aconteceu no Centro Cultural e de Exposi\u00e7\u00f5es Ruth Cardoso e homenageou ainda outras oito autoridades que se destacaram no desempenho de suas fun\u00e7\u00f5es durante o ano de 2014.<\/span><\/p>\n<p style=\"text-align: justify;\"><span style=\"font-size: 14pt;\">Os cinco promotores do Gecoc subiram ao palco para receber a honraria. Eles foram agraciados com um trof\u00e9u e um diploma de honra ao m\u00e9rito.<\/span><\/p>\n<p style=\"text-align: justify;\"><span style=\"font-size: 14pt;\">Alfredo Gaspar de Mendon\u00e7a, Ham\u00edlton Carneiro, El\u00edsio Maia, Luiz Ten\u00f3rio e Ant\u00f4nio Luiz dos Santos receberam a homenagem com alegria e afirmaram que esse reconhecimento p\u00fablico aumenta a responsabilidade de cada um deles no combate ao crime organizado e aos pol\u00edticos e gestores que roubam os cofres p\u00fablicos.<\/span><\/p>\n<p style=\"text-align: justify;\"><span style=\"font-size: 14pt;\">&#8220;Nos \u00faltimos dois anos o Gecoc intensificou seus trabalhos porque teve o apoio integral do procurador-geral de Justi\u00e7a, S\u00e9rgio Juc\u00e1. A chefia do MP entendeu que precis\u00e1vamos de autonomia e liberdade para investigar e denunciar criminosos e agentes p\u00fablicos que, travestidos de detentores de mandatos, aproveitavam-se dos cargos para se apropriar do dinheiro do contribuinte. Foram mais de duas mil pessoas denunciadas e dezenas de opera\u00e7\u00f5es realizadas entre 2013 e 2014. Inclusive, todas as a\u00e7\u00f5es penais foram ajuizadas com pedidos de pris\u00e3o contra os acusados&#8221;, declarou Alfredo Gaspar de Mendon\u00e7a, coordenador do Grupo.<\/span><\/p>\n<p style=\"text-align: justify;\"><span style=\"font-size: 14pt;\">&#8220;Vamos continuar firmes no prop\u00f3sito de combater o crime, seja ele na esfera do poder p\u00fablico, seja ligado aos il\u00edcitos de tr\u00e1fico de drogas, pistolagem e roubos. Nossa miss\u00e3o \u00e9 \u00e1rdua e desafiadora, muitas vezes nos obriga a aus\u00eancia junto a fam\u00edlia, por\u00e9m, o sentimento de dever cumprido, quando vemos um pol\u00edtico perdendo o cargo, ou um outro bandido sendo condenado pelo crime que cometeu, incentiva-nos a trabalhar ainda mais&#8221;, garantiu o promotor de Justi\u00e7a.<\/span><\/p>\n<p style=\"text-align: justify;\"><span style=\"font-size: 14pt;\">A solenidade foi prestigiada, dentre outras autoridades e convidados, pelo procurador-geral de Justi\u00e7a, S\u00e9rgio Juc\u00e1, e pela presidente da Ampal, promotora Adilza In\u00e1cio de Freitas, al\u00e9m de familiares dos membros do Gecoc.<\/span><\/p>\n<p style=\"text-align: justify;\"><span style=\"font-size: 14pt;\"><strong>O Pr\u00eamio<\/strong><\/span><\/p>\n<p style=\"text-align: justify;\"><span style=\"font-size: 14pt;\">O Pr\u00eamio Jos\u00e9 Apr\u00edgio Vilela, que este ano est\u00e1 em sua 6\u00aa edi\u00e7\u00e3o, homenageia personalidades e institui\u00e7\u00f5es que tenham se destacado durante o ano no desempenho de suas fun\u00e7\u00f5es institucionais voltadas para a\u00e7\u00f5es de cidadania, gera\u00e7\u00e3o de emprego e renda, participa\u00e7\u00e3o comunit\u00e1ria, combate \u00e0s drogas, defesa do meio ambiente, prote\u00e7\u00e3o \u00e0 fam\u00edlia em situa\u00e7\u00e3o de amea\u00e7a de risco, al\u00e9m de gest\u00e3o moral, legal e empreendedora.<\/span><\/p>\n<p style=\"text-align: justify;\"><span style=\"font-size: 14pt;\">Para o governador do estado, Teotonio Vilela Filho, o pr\u00eamio que leva o nome do seu irm\u00e3o estimula aos cidad\u00e3os a adotarem uma postura \u00e9tica necess\u00e1ria para o desenvolvimento social. \u201cComo podemos ver, Alagoas possui empres\u00e1rios, homens p\u00fablicos e institui\u00e7\u00f5es, como \u00e9 o caso do MP, que correspondem a esses ditames. O Gecoc tem exercido um papel especial\u00edssimo na defesa da sociedade combatendo o crime organizado e a viol\u00eancia em todos os aspectos\u201d, defendeu.<\/span><\/p>\n<p style=\"text-align: justify;\"><span style=\"font-size: 14pt;\">\u201cO MP \u00e9 hoje, sem d\u00favida alguma, a institui\u00e7\u00e3o mais acreditada e respeitada no pa\u00eds. Dentro dela, est\u00e1 o Gecoc, um grupo de abnegados promotores que arriscam suas vidas para servirem Alagoas no combate \u00e0 corrup\u00e7\u00e3o, tr\u00e1fico de drogas e crime organizado. Enfim, lutando por uma sociedade melhor. Isto fez com que o Instituto outorgassem o pr\u00eamio Apr\u00edgio Vilela ao Gecoc\u201d, argumentou o presidente do Instituto Cidad\u00e3o, Pedro Oliveira.<\/span><\/p>\n<p style=\"text-align: justify;\"><span style=\"font-size: 14pt;\"><strong>Outros homenageados<\/strong><\/span><\/p>\n<p style=\"text-align: justify;\"><span style=\"font-size: 14pt;\">O evento tamb\u00e9m reconheceu o trabalho desenvolvido por mais oito autoridades e personalidades: o governador do Estado, Teot\u00f4nio Vilela Filho; o secret\u00e1rio de estado da Gest\u00e3o P\u00fablica, Alexandre Lages Cavalcante; o secret\u00e1rio de estado do Gabinete Civil, \u00c1lvaro Machado; o reitor da Universidade Integrada Tiradentes (Unit), Dario Arcanjo; o empres\u00e1rio Luiz Ot\u00e1vio Gomes; o prefeito de Jequi\u00e1 da Praia, Marcelo Beltr\u00e3o; a prefeita de Passo do Camaragibe, M\u00e1rcia Coutinho, e o deputado Judson Cabral.<\/span><\/p>\n","protected":false},"excerpt":{"rendered":"<p> [&hellip;]<\/p>\n","protected":false},"author":2,"featured_media":10242,"comment_status":"open","ping_status":"open","sticky":false,"template":"","format":"standard","meta":{"om_disable_all_campaigns":false,"_monsterinsights_skip_tracking":false,"_monsterinsights_sitenote_active":false,"_monsterinsights_sitenote_note":"","_monsterinsights_sitenote_category":0,"_uf_show_specific_survey":0,"_uf_disable_surveys":false,"footnotes":""},"categories":[23],"tags":[],"class_list":["post-10241","post","type-post","status-publish","format-standard","has-post-thumbnail","hentry","category-not_gaeco"],"aioseo_notices":[],"_links":{"self":[{"href":"https:\/\/www.mpal.mp.br\/index.php?rest_route=\/wp\/v2\/posts\/10241","targetHints":{"allow":["GET"]}}],"collection":[{"href":"https:\/\/www.mpal.mp.br\/index.php?rest_route=\/wp\/v2\/posts"}],"about":[{"href":"https:\/\/www.mpal.mp.br\/index.php?rest_route=\/wp\/v2\/types\/post"}],"author":[{"embeddable":true,"href":"https:\/\/www.mpal.mp.br\/index.php?rest_route=\/wp\/v2\/users\/2"}],"replies":[{"embeddable":true,"href":"https:\/\/www.mpal.mp.br\/index.php?rest_route=%2Fwp%2Fv2%2Fcomments&post=10241"}],"version-history":[{"count":1,"href":"https:\/\/www.mpal.mp.br\/index.php?rest_route=\/wp\/v2\/posts\/10241\/revisions"}],"predecessor-version":[{"id":10243,"href":"https:\/\/www.mpal.mp.br\/index.php?rest_route=\/wp\/v2\/posts\/10241\/revisions\/10243"}],"wp:featuredmedia":[{"embeddable":true,"href":"https:\/\/www.mpal.mp.br\/index.php?rest_route=\/wp\/v2\/media\/10242"}],"wp:attachment":[{"href":"https:\/\/www.mpal.mp.br\/index.php?rest_route=%2Fwp%2Fv2%2Fmedia&parent=10241"}],"wp:term":[{"taxonomy":"category","embeddable":true,"href":"https:\/\/www.mpal.mp.br\/index.php?rest_route=%2Fwp%2Fv2%2Fcategories&post=10241"},{"taxonomy":"post_tag","embeddable":true,"href":"https:\/\/www.mpal.mp.br\/index.php?rest_route=%2Fwp%2Fv2%2Ftags&post=10241"}],"curies":[{"name":"wp","href":"https:\/\/api.w.org\/{rel}","templated":true}]}}