{"id":10236,"date":"2021-06-07T10:00:36","date_gmt":"2021-06-07T13:00:36","guid":{"rendered":"https:\/\/www.mpal.mp.br\/?p=10236"},"modified":"2022-06-21T10:01:45","modified_gmt":"2022-06-21T13:01:45","slug":"arapiraca-mpal-e-mpf-recomendam-a-autoridades-estadual-e-municipal-da-saude-ampliacao-de-leitos-clinicos-e-de-uti-para-covid-19","status":"publish","type":"post","link":"https:\/\/www.mpal.mp.br\/?p=10236","title":{"rendered":"Arapiraca: MPAL e MPF recomendam a autoridades estadual e municipal da Sa\u00fade amplia\u00e7\u00e3o de leitos cl\u00ednicos e de UTI para Covid-19"},"content":{"rendered":"<p style=\"text-align: justify;\" data-raofz=\"14\"><span style=\"font-size: 14pt;\">A pretens\u00e3o \u00e9 socorrer o munic\u00edpio, antes que mais n\u00famero de mortes seja registrado e, consequentemente, anunciado o caos.\u00a0 Diante da realidade e constata\u00e7\u00e3o do aumento de pessoas infectadas\u00a0 pelo novo Coronav\u00edrus,\u00a0 em Arapiraca, o Minist\u00e9rio P\u00fablico de Alagoas (MPAL) e o Minist\u00e9rio P\u00fablico Federal (MPF), destinaram recomenda\u00e7\u00e3o conjunta aos secret\u00e1rios municipal e estadual de Sa\u00fade, estendendo ao prefeito e ao governador do Estado para, em car\u00e1ter urgente, adotarem provid\u00eancias que culminem na cria\u00e7\u00e3o e amplia\u00e7\u00e3o de leitos cl\u00ednicos e tamb\u00e9m de UTI de interna\u00e7\u00e3o nos hospitais de refer\u00eancia para a Covid-19 situados na Regi\u00e3o Metropolitana da cidade. Foi estipulado um prazo de\u00a0 48 horas para que as autoridades competentes se pronunciem sobre a solu\u00e7\u00e3o encontrada.<\/span><\/p>\n<p style=\"text-align: justify;\" data-raofz=\"14\"><span style=\"font-size: 14pt;\">A preocupa\u00e7\u00e3o dos representes ministeriais, que acompanham\u00a0 as pol\u00edticas de sa\u00fade voltadas ao combate da pandemia da Covid-19, no referido munic\u00edpio,\u00a0 d\u00e1-se\u00a0 pela situa\u00e7\u00e3o delicada que enfrenta a sa\u00fade municipal com 100% de ocupa\u00e7\u00e3o dos leitos de Unidade de Terapia Intensiva (UTI) e 93% de ocupa\u00e7\u00e3o dos leitos cl\u00ednicos. A recomenda\u00e7\u00e3o requer, tamb\u00e9m, que haja a total e imediata\u00a0 suspens\u00e3o \u00a0do funcionamento de servi\u00e7os n\u00e3o essenciais na Regi\u00e3o Metropolitana de Arapiraca\/AL at\u00e9 que seja comprovada a amplia\u00e7\u00e3o dos leitos dispon\u00edveis ou o arrefecimento da taxa de ocupa\u00e7\u00e3o de leitos para tratamento da Covid-19 a um patamar inferior a 75% do capacidade instalada.<\/span><\/p>\n<p style=\"text-align: justify;\" data-raofz=\"14\"><span style=\"font-size: 14pt;\">Arapiraca \u00e9 o 2\u00ba munic\u00edpio do estado com maior taxa de incid\u00eancia da Covid-19, por cada 100 mil habitantes e, conforme o noticiado, n\u00e3o disp\u00f5e de vagas suficientes para o tratamento de pacientes afetados pela Covid-19 quando a Lei n\u00ba 8.080\/90 assegura que s\u00e3o princ\u00edpios do Sistema \u00danico de Sa\u00fade (SUS)\u00a0 a universalidade de acesso aos servi\u00e7os de sa\u00fade em todos os n\u00edveis de assist\u00eancia e a integralidade de assist\u00eancia.<\/span><\/p>\n<p style=\"text-align: justify;\" data-raofz=\"14\"><span style=\"font-size: 14pt;\">Outrossim, os promotores de Justi\u00e7a,\u00a0 Rog\u00e9rio \u00a0Paranhos e Lucas Mascarenhas, e os procuradores da Rep\u00fablica, Bruno Jorge Rijo, J\u00falia Wanderley Cadete, Niedja Kaspari, e Roberta Bomfim, pedem que, tanto os gestores de Arapiraca quanto os gestores do Estado, \u00a0encontrem\u00a0 estrat\u00e9gias adequadas para garantir o processo de vacina\u00e7\u00e3o contra a Covid-19 e, mais, tornem p\u00fablicos os crit\u00e9rios de prioriza\u00e7\u00e3o de pacientes, como \u00e9 feita a sele\u00e7\u00e3o \u00a0para a ocupa\u00e7\u00e3o de leitos de terapia intensiva destinados \u00e0 COVID-19, caso se constatada a falta de vagas suficientes para o atendimento da demanda de tratamento de pacientes.<\/span><\/p>\n<p style=\"text-align: justify;\" data-raofz=\"14\"><span style=\"font-size: 14pt;\">Foi requerido tamb\u00e9m que usem de nitidez para disponibilizar o n\u00famero de pacientes admitidos no sistema p\u00fablico de sa\u00fade para tratamento da COVID19 e que se encontram \u00e0 espera de leitos cl\u00ednicos ou de UTI por falta de vagas suficientes, \u00a0em Arapiraca.<\/span><\/p>\n<p style=\"text-align: justify;\" data-raofz=\"14\"><span style=\"font-size: 14pt;\">At\u00e9 o dia 01\/06\/2021, no munic\u00edpio, j\u00e1 foram contabilizados \u00a024.590 casos de Covid-19, 400 \u00f3bitos, e h\u00e1 mais 3.276 casos sob investiga\u00e7\u00e3o.<\/span><\/p>\n","protected":false},"excerpt":{"rendered":"<p> [&hellip;]<\/p>\n","protected":false},"author":1,"featured_media":10239,"comment_status":"open","ping_status":"open","sticky":false,"template":"","format":"standard","meta":{"om_disable_all_campaigns":false,"_monsterinsights_skip_tracking":false,"_monsterinsights_sitenote_active":false,"_monsterinsights_sitenote_note":"","_monsterinsights_sitenote_category":0,"_uf_show_specific_survey":0,"_uf_disable_surveys":false,"footnotes":""},"categories":[2],"tags":[],"class_list":["post-10236","post","type-post","status-publish","format-standard","has-post-thumbnail","hentry","category-not_mpal"],"aioseo_notices":[],"_links":{"self":[{"href":"https:\/\/www.mpal.mp.br\/index.php?rest_route=\/wp\/v2\/posts\/10236","targetHints":{"allow":["GET"]}}],"collection":[{"href":"https:\/\/www.mpal.mp.br\/index.php?rest_route=\/wp\/v2\/posts"}],"about":[{"href":"https:\/\/www.mpal.mp.br\/index.php?rest_route=\/wp\/v2\/types\/post"}],"author":[{"embeddable":true,"href":"https:\/\/www.mpal.mp.br\/index.php?rest_route=\/wp\/v2\/users\/1"}],"replies":[{"embeddable":true,"href":"https:\/\/www.mpal.mp.br\/index.php?rest_route=%2Fwp%2Fv2%2Fcomments&post=10236"}],"version-history":[{"count":1,"href":"https:\/\/www.mpal.mp.br\/index.php?rest_route=\/wp\/v2\/posts\/10236\/revisions"}],"predecessor-version":[{"id":10240,"href":"https:\/\/www.mpal.mp.br\/index.php?rest_route=\/wp\/v2\/posts\/10236\/revisions\/10240"}],"wp:featuredmedia":[{"embeddable":true,"href":"https:\/\/www.mpal.mp.br\/index.php?rest_route=\/wp\/v2\/media\/10239"}],"wp:attachment":[{"href":"https:\/\/www.mpal.mp.br\/index.php?rest_route=%2Fwp%2Fv2%2Fmedia&parent=10236"}],"wp:term":[{"taxonomy":"category","embeddable":true,"href":"https:\/\/www.mpal.mp.br\/index.php?rest_route=%2Fwp%2Fv2%2Fcategories&post=10236"},{"taxonomy":"post_tag","embeddable":true,"href":"https:\/\/www.mpal.mp.br\/index.php?rest_route=%2Fwp%2Fv2%2Ftags&post=10236"}],"curies":[{"name":"wp","href":"https:\/\/api.w.org\/{rel}","templated":true}]}}