{"id":10235,"date":"2014-12-10T09:59:49","date_gmt":"2014-12-10T11:59:49","guid":{"rendered":"https:\/\/www.mpal.mp.br\/?p=10235"},"modified":"2022-06-21T10:00:43","modified_gmt":"2022-06-21T13:00:43","slug":"operacao-do-gecoc-resulta-na-prisao-de-duas-pessoas-por-trafico-de-drogas-menor-e-60-kg-de-maconha-foram-apreendidos","status":"publish","type":"post","link":"https:\/\/www.mpal.mp.br\/?p=10235","title":{"rendered":"Opera\u00e7\u00e3o do Gecoc resulta na pris\u00e3o de duas pessoas por tr\u00e1fico de drogas; Menor e 60 Kg de maconha foram apreendidos"},"content":{"rendered":"<p style=\"text-align: justify;\"><span style=\"font-size: 14pt;\">O Grupo Estadual de Combate \u00e0s Organiza\u00e7\u00f5es Criminosas (Gecoc) do Minist\u00e9rio P\u00fablico do Estado de Alagoas comandou, nesta ter\u00e7a-feira (10), uma opera\u00e7\u00e3o que resultou na pris\u00e3o de duas pessoas e na apreens\u00e3o de um menor por tr\u00e1fico de drogas e associa\u00e7\u00e3o ao tr\u00e1fico. Na a\u00e7\u00e3o, que contou com o apoio da Pol\u00edcia Militar de Alagoas, Radiopatrulha e Superintend\u00eancia Geral de Administra\u00e7\u00e3o Penitenci\u00e1ria, tamb\u00e9m foram recolhidos 60,6 quilos de maconha prensada e R$ 10,3 mil.<\/span><\/p>\n<p style=\"text-align: justify;\"><span style=\"font-size: 14pt;\">A droga foi encontrada na casa do menor, que fica pr\u00f3xima ao supermercado Makro, no bairro do Tabuleiro dos Martins. Na resid\u00eancia, os policiais tamb\u00e9m prenderam Jennifer Santos do Nascimento, enquanto Josivaldo Aud\u00e1rio recebeu a abordagem no Vergel do Lago, ambos em flagrante delito.<\/span><\/p>\n<p style=\"text-align: justify;\"><span style=\"font-size: 14pt;\">Reeducando do regime semi-aberto, Josivaldo foi identificado como o dono da droga. Com ele, tamb\u00e9m estava parte do dinheiro. No total foram R$ 5 mil em esp\u00e9cie e R$ 5,3 mil em cheques.<\/span><\/p>\n<p style=\"text-align: justify;\"><span style=\"font-size: 14pt;\">As investiga\u00e7\u00f5es aconteceram com autoriza\u00e7\u00e3o da 17\u00aa Vara Criminal da Capital e s\u00e3o uma continua\u00e7\u00e3o da opera\u00e7\u00e3o realizada em agosto \u00faltimo e que resultou na pris\u00e3o do dentista Jair Veloso. Presos, menor, droga e dinheiro est\u00e3o sendo levados \u00e0 Central de Flagrantes.<\/span><\/p>\n","protected":false},"excerpt":{"rendered":"<p> [&hellip;]<\/p>\n","protected":false},"author":2,"featured_media":10237,"comment_status":"open","ping_status":"open","sticky":false,"template":"","format":"standard","meta":{"om_disable_all_campaigns":false,"_monsterinsights_skip_tracking":false,"_monsterinsights_sitenote_active":false,"_monsterinsights_sitenote_note":"","_monsterinsights_sitenote_category":0,"_uf_show_specific_survey":0,"_uf_disable_surveys":false,"footnotes":""},"categories":[23],"tags":[],"class_list":["post-10235","post","type-post","status-publish","format-standard","has-post-thumbnail","hentry","category-not_gaeco"],"aioseo_notices":[],"_links":{"self":[{"href":"https:\/\/www.mpal.mp.br\/index.php?rest_route=\/wp\/v2\/posts\/10235","targetHints":{"allow":["GET"]}}],"collection":[{"href":"https:\/\/www.mpal.mp.br\/index.php?rest_route=\/wp\/v2\/posts"}],"about":[{"href":"https:\/\/www.mpal.mp.br\/index.php?rest_route=\/wp\/v2\/types\/post"}],"author":[{"embeddable":true,"href":"https:\/\/www.mpal.mp.br\/index.php?rest_route=\/wp\/v2\/users\/2"}],"replies":[{"embeddable":true,"href":"https:\/\/www.mpal.mp.br\/index.php?rest_route=%2Fwp%2Fv2%2Fcomments&post=10235"}],"version-history":[{"count":1,"href":"https:\/\/www.mpal.mp.br\/index.php?rest_route=\/wp\/v2\/posts\/10235\/revisions"}],"predecessor-version":[{"id":10238,"href":"https:\/\/www.mpal.mp.br\/index.php?rest_route=\/wp\/v2\/posts\/10235\/revisions\/10238"}],"wp:featuredmedia":[{"embeddable":true,"href":"https:\/\/www.mpal.mp.br\/index.php?rest_route=\/wp\/v2\/media\/10237"}],"wp:attachment":[{"href":"https:\/\/www.mpal.mp.br\/index.php?rest_route=%2Fwp%2Fv2%2Fmedia&parent=10235"}],"wp:term":[{"taxonomy":"category","embeddable":true,"href":"https:\/\/www.mpal.mp.br\/index.php?rest_route=%2Fwp%2Fv2%2Fcategories&post=10235"},{"taxonomy":"post_tag","embeddable":true,"href":"https:\/\/www.mpal.mp.br\/index.php?rest_route=%2Fwp%2Fv2%2Ftags&post=10235"}],"curies":[{"name":"wp","href":"https:\/\/api.w.org\/{rel}","templated":true}]}}