{"id":10232,"date":"2015-01-08T09:57:28","date_gmt":"2015-01-08T11:57:28","guid":{"rendered":"https:\/\/www.mpal.mp.br\/?p=10232"},"modified":"2022-06-21T09:57:40","modified_gmt":"2022-06-21T12:57:40","slug":"promotor-antonio-luiz-do-santos-e-o-novo-coordenador-do-gecoc","status":"publish","type":"post","link":"https:\/\/www.mpal.mp.br\/?p=10232","title":{"rendered":"Promotor Ant\u00f4nio Luiz do Santos \u00e9 o novo coordenador do Gecoc"},"content":{"rendered":"<p style=\"text-align: justify;\"><span style=\"font-size: 14pt;\">O promotor de Justi\u00e7a Ant\u00f4nio Luiz dos Santos Filho \u00e9 o novo coordenador do Grupo Estadual de Combate \u00e0s Organiza\u00e7\u00f5es Criminosas (Gecoc) do Minist\u00e9rio P\u00fablico do Estado de Alagoas (MPE\/AL). Ele assume o cargo deixado pelo promotor Alfredo Gaspar de Mendon\u00e7a Neto, que se afastou da institui\u00e7\u00e3o em dezembro para assumir o comando da Secretaria de Estado de Defesa Social.<\/span><\/p>\n<p style=\"text-align: justify;\"><span style=\"font-size: 14pt;\">No in\u00edcio da tarde desta quinta-feira (8), o procurador-geral de Justi\u00e7a, S\u00e9rgio Juc\u00e1, reuniu-se com os promotores de Justi\u00e7a Hamilton Carneiro J\u00fanior, El\u00edsio da Silva Maia J\u00fanior e Luiz Ten\u00f3rio de Oliveira de Almeida, al\u00e9m do pr\u00f3prio Ant\u00f4nio Luiz, para definir o novo l\u00edder do Gecoc. \u201cA escolha do nome \u00e9 fruto do consenso entre os integrantes do pr\u00f3prio Grupo\u201d, disse S\u00e9rgio Juc\u00e1, que em breve designar\u00e1 um quinto membro para o Gecoc.<\/span><\/p>\n<p style=\"text-align: justify;\"><span style=\"font-size: 14pt;\">\u201cOs integrantes que fazem do nosso grupo o que ele \u00e9 hoje n\u00e3o v\u00e3o parar. Tal como na gest\u00e3o do promotor Alfredo Mendon\u00e7a, combateremos toda forma de criminalidade, em parceria com o Poder Judici\u00e1rio, a Secretaria de Estado de Defesa Social e as Pol\u00edcias Civil, Militar e Federal. Vale destacar que, embora eu tenha sido escolhido como novo coordenador do Gecoc, qualquer um dos integrantes do grupo poderia ser refer\u00eancia em termos de lideran\u00e7a\u201d, destacou o Ant\u00f4nio Luiz.<\/span><\/p>\n<p style=\"text-align: justify;\"><span style=\"font-size: 14pt;\">O promotor em destaque \u00e9 o integrante mais antigo do Grupo, pelo qual atua h\u00e1 seis anos. Ele ingressou no dia 02 de maio de 2000 como promotor de Justi\u00e7a de 1\u00aa entr\u00e2ncia de Traipu. Nesses 15 anos, ele atuou pelo MPE\/AL em diversos munic\u00edpios, a exemplo de Macei\u00f3, Piranhas, Girau do Ponciano, Arapiraca, Maribondo, Taquarana, Pia\u00e7abu\u00e7u, Penedo, Paulo Jacinto, Ch\u00e3 Preta, Santana de Ipanema, Rio Largo, Satuba, Major Izidoro e Delmiro Gouveia.<\/span><\/p>\n<p style=\"text-align: justify;\"><span style=\"font-size: 14pt;\">Gecoc<\/span><\/p>\n<p style=\"text-align: justify;\"><span style=\"font-size: 14pt;\">O Grupo Estadual de Combate \u00e0s Organiza\u00e7\u00f5es Criminoas foi criado atrav\u00e9s da Resolu\u00e7\u00e3o n\u00ba 03\/2006 do Col\u00e9gio de Procuradores de Justi\u00e7a e tem como especialidade o combate \u00e0s organiza\u00e7\u00f5es criminosas que cometem os mais diferentes tipos de il\u00edcitos penais, a exemplo de roubo, tr\u00e1fico de entorpecentes, pistolagem e crimes contra a administra\u00e7\u00e3o p\u00fablica.<\/span><\/p>\n<p style=\"text-align: justify;\"><span style=\"font-size: 14pt;\">Em 2014, as investiga\u00e7\u00f5es do Gecoc levaram o MPE a denunciar na 17\u00aa Vara Criminal da Capital cerca de 370 pessoas, entre eles, prefeitos, vereadores, gestores p\u00fablicos e criminosos envolvidos com tr\u00e1fico de drogas e roubo de bancos. Junto \u00e0s Pol\u00edcias Civil e Militar, foram apreendidos, em apenas tr\u00eas opera\u00e7\u00f5es de maior porte, mais de 300 quilos de entorpecentes.<\/span><\/p>\n","protected":false},"excerpt":{"rendered":"<p> [&hellip;]<\/p>\n","protected":false},"author":2,"featured_media":10233,"comment_status":"open","ping_status":"open","sticky":false,"template":"","format":"standard","meta":{"om_disable_all_campaigns":false,"_monsterinsights_skip_tracking":false,"_monsterinsights_sitenote_active":false,"_monsterinsights_sitenote_note":"","_monsterinsights_sitenote_category":0,"_uf_show_specific_survey":0,"_uf_disable_surveys":false,"footnotes":""},"categories":[23],"tags":[],"class_list":["post-10232","post","type-post","status-publish","format-standard","has-post-thumbnail","hentry","category-not_gaeco"],"aioseo_notices":[],"_links":{"self":[{"href":"https:\/\/www.mpal.mp.br\/index.php?rest_route=\/wp\/v2\/posts\/10232","targetHints":{"allow":["GET"]}}],"collection":[{"href":"https:\/\/www.mpal.mp.br\/index.php?rest_route=\/wp\/v2\/posts"}],"about":[{"href":"https:\/\/www.mpal.mp.br\/index.php?rest_route=\/wp\/v2\/types\/post"}],"author":[{"embeddable":true,"href":"https:\/\/www.mpal.mp.br\/index.php?rest_route=\/wp\/v2\/users\/2"}],"replies":[{"embeddable":true,"href":"https:\/\/www.mpal.mp.br\/index.php?rest_route=%2Fwp%2Fv2%2Fcomments&post=10232"}],"version-history":[{"count":1,"href":"https:\/\/www.mpal.mp.br\/index.php?rest_route=\/wp\/v2\/posts\/10232\/revisions"}],"predecessor-version":[{"id":10234,"href":"https:\/\/www.mpal.mp.br\/index.php?rest_route=\/wp\/v2\/posts\/10232\/revisions\/10234"}],"wp:featuredmedia":[{"embeddable":true,"href":"https:\/\/www.mpal.mp.br\/index.php?rest_route=\/wp\/v2\/media\/10233"}],"wp:attachment":[{"href":"https:\/\/www.mpal.mp.br\/index.php?rest_route=%2Fwp%2Fv2%2Fmedia&parent=10232"}],"wp:term":[{"taxonomy":"category","embeddable":true,"href":"https:\/\/www.mpal.mp.br\/index.php?rest_route=%2Fwp%2Fv2%2Fcategories&post=10232"},{"taxonomy":"post_tag","embeddable":true,"href":"https:\/\/www.mpal.mp.br\/index.php?rest_route=%2Fwp%2Fv2%2Ftags&post=10232"}],"curies":[{"name":"wp","href":"https:\/\/api.w.org\/{rel}","templated":true}]}}