{"id":10222,"date":"2021-06-14T09:49:29","date_gmt":"2021-06-14T12:49:29","guid":{"rendered":"https:\/\/www.mpal.mp.br\/?p=10222"},"modified":"2022-06-21T09:49:43","modified_gmt":"2022-06-21T12:49:43","slug":"covid-19-2a-promotoria-de-justica-de-rio-largo-fiscaliza-condicoes-de-vacinacao-em-unidades-de-saude","status":"publish","type":"post","link":"https:\/\/www.mpal.mp.br\/?p=10222","title":{"rendered":"Covid-19: 2\u00aa Promotoria de Justi\u00e7a de Rio Largo fiscaliza condi\u00e7\u00f5es de vacina\u00e7\u00e3o em unidades de sa\u00fade"},"content":{"rendered":"<p style=\"text-align: justify;\" align=\"justify\" data-raofz=\"14\"><span style=\"font-size: 14pt;\">O Minist\u00e9rio P\u00fablico do Estado de Alagoas (MPAL), em Rio Largo, realizou inspe\u00e7\u00f5es nas unidades de sa\u00fade que est\u00e3o aplicando a vacina\u00e7\u00e3o contra a Covid-19. O objetivo foi averiguar a qualidade da presta\u00e7\u00e3o do servi\u00e7o e de que forma est\u00e3o sendo acondicionadas as doses das vacinas que chegam aquele munic\u00edpio.<span id=\"more-25118\" data-raofz=\"14\"><\/span><\/span><\/p>\n<p style=\"text-align: justify;\" align=\"justify\" data-raofz=\"14\"><span style=\"font-size: 14pt;\" data-raofz=\"13\">A fiscaliza\u00e7\u00e3o, conduzida pelo promotor de Justi\u00e7a Magno Alexandre Moura, titular da 2\u00aa Promotoria de Justi\u00e7a de Rio Largo, ocorreu na \u00faltima sexta-feira (11), e ele foi acompanhado pelo secret\u00e1rio municipal de Sa\u00fade, Aroldo Ferro. \u201cNossa primeira visita foi na nova c\u00e2mara fria para armazenamento de vacinas. Fomos verificar se a gest\u00e3o p\u00fablica tem mantido o equipamento na temperatura necess\u00e1ria para que sua pot\u00eancia permane\u00e7a intacta e sem causar quaisquer danos \u00e0s doses. Sabemos que, caso ocorra alguma falha, a efic\u00e1cia da imuniza\u00e7\u00e3o ficar\u00e1 prejudicada\u201d, disse o promotor.<\/span><\/p>\n<p style=\"text-align: justify;\" align=\"justify\" data-raofz=\"14\"><span style=\"font-size: 14pt;\" data-raofz=\"13\">Na sequ\u00eancia, a inspe\u00e7\u00e3o ocorreu no Centro de Enfrentamento da Covid-19 e, por fim, nas duas unidades drive-thru montadas pela Prefeitura de Rio Largo, que est\u00e3o localizadas na entrada da cidade. Ambos funcionam das 9h \u00e0s 16h.<\/span><\/p>\n<p style=\"text-align: justify;\" align=\"justify\" data-raofz=\"14\"><span style=\"font-size: 14pt;\" data-raofz=\"13\">\u201cA realidade da pandemia em Alagoas, infelizmente, ainda \u00e9 muito preocupante. Os casos continuam aumentando e os hospitais seguem lotados com pacientes infectados. Ent\u00e3o, cada munic\u00edpio tem um papel important\u00edssimo no enfrentamento a essa doen\u00e7a, precisando acelerar o processo de imuniza\u00e7\u00e3o e aplicar as medidas preventivas recomendadas pelas autoridades sanit\u00e1rias e de sa\u00fade. Nesta minha fiscaliza\u00e7\u00e3o, vi que, por enquanto, as a\u00e7\u00f5es est\u00e3o ocorrendo de forma respons\u00e1vel\u201d, declarou Magno Alexandre Moura.<\/span><\/p>\n<p style=\"text-align: justify;\" align=\"justify\" data-raofz=\"14\"><span style=\"font-size: 14pt;\" data-raofz=\"13\">At\u00e9 a \u00faltima sexta-feira (11), Rio Largo j\u00e1 havia aplicado 27.583 doses aos grupos priorit\u00e1rios.<\/span><\/p>\n","protected":false},"excerpt":{"rendered":"<p> [&hellip;]<\/p>\n","protected":false},"author":1,"featured_media":10223,"comment_status":"open","ping_status":"open","sticky":false,"template":"","format":"standard","meta":{"om_disable_all_campaigns":false,"_monsterinsights_skip_tracking":false,"_monsterinsights_sitenote_active":false,"_monsterinsights_sitenote_note":"","_monsterinsights_sitenote_category":0,"_uf_show_specific_survey":0,"_uf_disable_surveys":false,"footnotes":""},"categories":[2],"tags":[],"class_list":["post-10222","post","type-post","status-publish","format-standard","has-post-thumbnail","hentry","category-not_mpal"],"aioseo_notices":[],"_links":{"self":[{"href":"https:\/\/www.mpal.mp.br\/index.php?rest_route=\/wp\/v2\/posts\/10222","targetHints":{"allow":["GET"]}}],"collection":[{"href":"https:\/\/www.mpal.mp.br\/index.php?rest_route=\/wp\/v2\/posts"}],"about":[{"href":"https:\/\/www.mpal.mp.br\/index.php?rest_route=\/wp\/v2\/types\/post"}],"author":[{"embeddable":true,"href":"https:\/\/www.mpal.mp.br\/index.php?rest_route=\/wp\/v2\/users\/1"}],"replies":[{"embeddable":true,"href":"https:\/\/www.mpal.mp.br\/index.php?rest_route=%2Fwp%2Fv2%2Fcomments&post=10222"}],"version-history":[{"count":1,"href":"https:\/\/www.mpal.mp.br\/index.php?rest_route=\/wp\/v2\/posts\/10222\/revisions"}],"predecessor-version":[{"id":10224,"href":"https:\/\/www.mpal.mp.br\/index.php?rest_route=\/wp\/v2\/posts\/10222\/revisions\/10224"}],"wp:featuredmedia":[{"embeddable":true,"href":"https:\/\/www.mpal.mp.br\/index.php?rest_route=\/wp\/v2\/media\/10223"}],"wp:attachment":[{"href":"https:\/\/www.mpal.mp.br\/index.php?rest_route=%2Fwp%2Fv2%2Fmedia&parent=10222"}],"wp:term":[{"taxonomy":"category","embeddable":true,"href":"https:\/\/www.mpal.mp.br\/index.php?rest_route=%2Fwp%2Fv2%2Fcategories&post=10222"},{"taxonomy":"post_tag","embeddable":true,"href":"https:\/\/www.mpal.mp.br\/index.php?rest_route=%2Fwp%2Fv2%2Ftags&post=10222"}],"curies":[{"name":"wp","href":"https:\/\/api.w.org\/{rel}","templated":true}]}}