{"id":10218,"date":"2021-06-16T09:45:22","date_gmt":"2021-06-16T12:45:22","guid":{"rendered":"https:\/\/www.mpal.mp.br\/?p=10218"},"modified":"2022-06-21T09:45:33","modified_gmt":"2022-06-21T12:45:33","slug":"em-nova-reuniao-estrategica-ministerio-publico-apresenta-planos-de-acao-nas-areas-de-defesa-do-consumidor-e-de-comunicacao","status":"publish","type":"post","link":"https:\/\/www.mpal.mp.br\/?p=10218","title":{"rendered":"Em nova reuni\u00e3o estrat\u00e9gica, Minist\u00e9rio P\u00fablico apresenta planos de a\u00e7\u00e3o nas \u00e1reas de defesa do consumidor e de comunica\u00e7\u00e3o"},"content":{"rendered":"<p style=\"text-align: justify;\" data-raofz=\"14\"><span style=\"font-size: 14pt;\" data-raofz=\"13\">Aconteceu, nesta quarta-feira (15), a 6\u00aa Reuni\u00e3o de An\u00e1lise Estrat\u00e9gica, mais uma vez em formato virtual, realizada com o Comit\u00ea de Gest\u00e3o Estrat\u00e9gica do Minist\u00e9rio P\u00fablico do Estado de Alagoas (MPAL). Presidido pelo subprocurador-geral Administrativo Institucional, Valter Acioly, e coordenada pela chefe da Assessoria de Planejamento e Gest\u00e3o Estrat\u00e9gico (Asplage), promotora de Justi\u00e7a Stela Val\u00e9ria Cavalcanti, o encontro teve o objetivo de conhecer o andamento das atividades em execu\u00e7\u00e3o nas \u00e1reas de defesa do consumidor e de comunica\u00e7\u00e3o:<\/span><\/p>\n<p style=\"text-align: justify;\" data-raofz=\"14\"><span style=\"font-size: 14pt;\" data-raofz=\"13\">A abertura da reuni\u00e3o ficou a cargo do subprocurador-geral Administrativo Institucional, que enfatizou a necessidade da institui\u00e7\u00e3o discutir, planejar e cumprir tudo aquilo considerado como estrat\u00e9gico para o desenvolvimento de iniciativas em prol da popula\u00e7\u00e3o alagoana. A assessora de planejamento e gest\u00e3o estrat\u00e9gica ratificou essa import\u00e2ncia e pediu para que membros e servidores seguissem se dedicando ao planejamento estrat\u00e9gico do MPAL.<\/span><\/p>\n<p style=\"text-align: justify;\" data-raofz=\"14\"><span style=\"font-size: 14pt;\"><strong>Defesa do consumidor<\/strong><\/span><\/p>\n<p style=\"text-align: justify;\" data-raofz=\"14\"><span style=\"font-size: 14pt;\" data-raofz=\"13\">O primeiro a fazer a sua apresenta\u00e7\u00e3o foi o promotor de Justi\u00e7a Max Martins, respons\u00e1vel pelo objetivo estrat\u00e9gico de \u201cpromo\u00e7\u00e3o da defesa dos direitos do consumidor\u201d. Ele iniciou sua fala falando sobre a iniciativa estrat\u00e9gica de combater a adultera\u00e7\u00e3o de combust\u00edveis. \u201cCompilamos os dados de adultera\u00e7\u00e3o de combust\u00edvel de 2018 e 2019 e estamos finalizando os n\u00fameros de 2020. \u00c9 importante destacarmos que, aqueles em que comprovamos a m\u00e1-f\u00e9, encaminhamos os casos para que as promotorias de Justi\u00e7a criminais adotassem as medidas legais. Al\u00e9m disso, fizemos uma s\u00e9rie de reuni\u00f5es com os \u00f3rg\u00e3os fiscalizadores, a exemplo da Ag\u00eancia Nacional do Petr\u00f3leo e do Procon, a fim de discutimos a\u00e7\u00f5es conjuntas e rotineiras para enfrentar esse tipo de il\u00edcito penal. E ainda conseguimos promover uma audi\u00eancia p\u00fablica, que contou com a participa\u00e7\u00e3o virtual da popula\u00e7\u00e3o, para esclarecer d\u00favidas do cidad\u00e3o a respeito de fiscaliza\u00e7\u00e3o, precifica\u00e7\u00e3o e composi\u00e7\u00e3o do combust\u00edvel\u201d, explicou ele.<\/span><\/p>\n<p style=\"text-align: justify;\" data-raofz=\"14\"><span style=\"font-size: 14pt;\" data-raofz=\"13\">Max Martins tamb\u00e9m tratou dos demais planos de a\u00e7\u00e3o: fomentar medidas de combate a inc\u00eandios e desastres em estabelecimentos ou local de reuni\u00e3o de p\u00fablico, promover a seguran\u00e7a no com\u00e9rcio de g\u00e1s de cozinha (GLP) e criar medidas para garantir a seguran\u00e7a em est\u00e1dios de futebol.<\/span><\/p>\n<p style=\"text-align: justify;\" data-raofz=\"14\"><span style=\"font-size: 14pt;\"><strong>Assessoria de Comunica\u00e7\u00e3o<\/strong><\/span><\/p>\n<p style=\"text-align: justify;\" data-raofz=\"14\"><span style=\"font-size: 14pt;\" data-raofz=\"13\">A segunda apresenta\u00e7\u00e3o ficou a cargo da diretora de Comunica\u00e7\u00e3o do MPAL, jornalista Janaina Ribeiro, respons\u00e1vel pelo objetivo estrat\u00e9gico de \u201caprimorar a comunica\u00e7\u00e3o interna e externa\u201d da institui\u00e7\u00e3o.<\/span><\/p>\n<p style=\"text-align: justify;\" data-raofz=\"14\"><span style=\"font-size: 14pt;\" data-raofz=\"13\">\u201cInicialmente falamos sobre os instrumentos adotados para melhorar a comunica\u00e7\u00e3o interna entre administra\u00e7\u00e3o superior do Minist\u00e9rio P\u00fablico e os membros e servidores. Al\u00e9m do e-mail institucional, utilizamos grupos de Whatsapp para enviar comunicados importantes e de interesse de todo o p\u00fablico interno. Por fim, criamos uma newsletter, que \u00e9 enviada semanalmente, tanto por e-mail quanto pelo aplicativo Whatsapp, que re\u00fane os informes de interesse coletivo interno e as mat\u00e9rias que a comunica\u00e7\u00e3o publica, relatando o trabalho desenvolvido pelos membros\u201d, detalhou ela.<\/span><\/p>\n<p style=\"text-align: justify;\" data-raofz=\"14\"><span style=\"font-size: 14pt;\" data-raofz=\"13\">As outras duas a\u00e7\u00f5es tratam da convoca\u00e7\u00e3o de um jornalista aprovado no \u00faltimo concurso p\u00fablico promovido pelo MPAL, o que dever\u00e1 ocorrer t\u00e3o logo finde a pandemia da Covid-19 e da realiza\u00e7\u00e3o de um evento para a imprensa, de modo que comunicadores sociais possam entender melhor o papel da institui\u00e7\u00e3o. Durante a realiza\u00e7\u00e3o do II Ciclo de Palestras \u201cO MP \u00e9 Not\u00edcia\u201d tamb\u00e9m ser\u00e1 distribu\u00eddo um manual sobre a atua\u00e7\u00e3o do Minist\u00e9rio P\u00fablico. Ele dever\u00e1 ocorrer no segundo semestre deste ano.<\/span><\/p>\n<p style=\"text-align: justify;\" data-raofz=\"14\"><span style=\"font-size: 14pt;\"><strong>O Comit\u00ea<\/strong><\/span><\/p>\n<p style=\"text-align: justify;\" data-raofz=\"14\"><span style=\"font-size: 14pt;\" data-raofz=\"13\">O Comit\u00ea de Gest\u00e3o Estrat\u00e9gica do Minist\u00e9rio P\u00fablico \u00e9 composto por 17 pessoas, entre membros e servidores. E ele est\u00e1 dividido por \u00e1rea de atua\u00e7\u00e3o, de acordo com os objetivos estrat\u00e9gicos j\u00e1 definidos pela administra\u00e7\u00e3o superior.<\/span><\/p>\n","protected":false},"excerpt":{"rendered":"<p> [&hellip;]<\/p>\n","protected":false},"author":1,"featured_media":10220,"comment_status":"open","ping_status":"open","sticky":false,"template":"","format":"standard","meta":{"om_disable_all_campaigns":false,"_monsterinsights_skip_tracking":false,"_monsterinsights_sitenote_active":false,"_monsterinsights_sitenote_note":"","_monsterinsights_sitenote_category":0,"_uf_show_specific_survey":0,"_uf_disable_surveys":false,"footnotes":""},"categories":[2],"tags":[],"class_list":["post-10218","post","type-post","status-publish","format-standard","has-post-thumbnail","hentry","category-not_mpal"],"aioseo_notices":[],"_links":{"self":[{"href":"https:\/\/www.mpal.mp.br\/index.php?rest_route=\/wp\/v2\/posts\/10218","targetHints":{"allow":["GET"]}}],"collection":[{"href":"https:\/\/www.mpal.mp.br\/index.php?rest_route=\/wp\/v2\/posts"}],"about":[{"href":"https:\/\/www.mpal.mp.br\/index.php?rest_route=\/wp\/v2\/types\/post"}],"author":[{"embeddable":true,"href":"https:\/\/www.mpal.mp.br\/index.php?rest_route=\/wp\/v2\/users\/1"}],"replies":[{"embeddable":true,"href":"https:\/\/www.mpal.mp.br\/index.php?rest_route=%2Fwp%2Fv2%2Fcomments&post=10218"}],"version-history":[{"count":1,"href":"https:\/\/www.mpal.mp.br\/index.php?rest_route=\/wp\/v2\/posts\/10218\/revisions"}],"predecessor-version":[{"id":10221,"href":"https:\/\/www.mpal.mp.br\/index.php?rest_route=\/wp\/v2\/posts\/10218\/revisions\/10221"}],"wp:featuredmedia":[{"embeddable":true,"href":"https:\/\/www.mpal.mp.br\/index.php?rest_route=\/wp\/v2\/media\/10220"}],"wp:attachment":[{"href":"https:\/\/www.mpal.mp.br\/index.php?rest_route=%2Fwp%2Fv2%2Fmedia&parent=10218"}],"wp:term":[{"taxonomy":"category","embeddable":true,"href":"https:\/\/www.mpal.mp.br\/index.php?rest_route=%2Fwp%2Fv2%2Fcategories&post=10218"},{"taxonomy":"post_tag","embeddable":true,"href":"https:\/\/www.mpal.mp.br\/index.php?rest_route=%2Fwp%2Fv2%2Ftags&post=10218"}],"curies":[{"name":"wp","href":"https:\/\/api.w.org\/{rel}","templated":true}]}}