{"id":10211,"date":"2021-06-16T09:38:09","date_gmt":"2021-06-16T12:38:09","guid":{"rendered":"https:\/\/www.mpal.mp.br\/?p=10211"},"modified":"2022-06-21T09:38:22","modified_gmt":"2022-06-21T12:38:22","slug":"mpal-promovera-i-encontro-nacional-dos-promotores-de-justica-da-educacao","status":"publish","type":"post","link":"https:\/\/www.mpal.mp.br\/?p=10211","title":{"rendered":"MPAL promover\u00e1 I Encontro Nacional dos Promotores de Justi\u00e7a da Educa\u00e7\u00e3o"},"content":{"rendered":"<p style=\"text-align: justify;\" data-raofz=\"14\"><span style=\"font-size: 14pt;\" data-raofz=\"13\">Cuidar da efetiva\u00e7\u00e3o do direito \u00e0 educa\u00e7\u00e3o em tempos de pandemia: esse ser\u00e1 o principal objetivo do I Encontro Nacional dos Promotores de Justi\u00e7a da Educa\u00e7\u00e3o, atividade em formato on-line que ser\u00e1 promovida pelo Minist\u00e9rio P\u00fablico do Estado de Alagoas (MPAL), no pr\u00f3ximo dia 24. O evento reunir\u00e1 membros dos MPs de todo o Brasil, al\u00e9m de outros profissionais ligados a a\u00e9rea educacional.<\/span><\/p>\n<p style=\"text-align: justify;\" data-raofz=\"14\"><span style=\"font-size: 14pt;\" data-raofz=\"13\">A abertura do encontro ser\u00e1 feita pelo procurador-geral de Justi\u00e7a, M\u00e1rcio Roberto Ten\u00f3rio de Albuquerque. \u201cA situa\u00e7\u00e3o de emerg\u00eancia gerada pela Pandemia da Covid-19 trouxe um desafio in\u00e9dito \u00e0 educa\u00e7\u00e3o, n\u00e3o s\u00f3 no Brasil, mas em todo mundo. O Minist\u00e9rio P\u00fablico Brasileiro, \u00f3rg\u00e3o constitucional de defesa dos direitos coletivos e individuais indispon\u00edveis, tem atuado em todo pa\u00eds, em cada comarca, na busca da efetiva\u00e7\u00e3o do direito fundamental \u00e0 educa\u00e7\u00e3o para todos. E, claro, aqui em Alagoas, isso n\u00e3o \u00e9 diferente. Nossos promotores t\u00eam trabalhando incessantemente para assegurar que os alunos tenham o direito \u00e0 aula protegido\u201d, garantiu o chefe do MPAL.<\/span><\/p>\n<p style=\"text-align: justify;\" data-raofz=\"14\"><span style=\"font-size: 14pt;\" data-raofz=\"13\">Ao lado dele, estar\u00e3o a presidente do Conselho Nacional dos Procuradores-Gerais de Justi\u00e7a dos Minist\u00e9rios P\u00fablicos dos Estados e da Uni\u00e3o (CNPG) e procuradora-geral de Justi\u00e7a do Amap\u00e1, Ivana Cei, e a presidente do Grupo Nacional de Direitos Humanos (GNDH) do CNPG, procuradora-geral de Justi\u00e7a do Piau\u00ed, Carmelina Moura.<\/span><\/p>\n<p style=\"text-align: justify;\" data-raofz=\"14\"><span style=\"font-size: 14pt;\" data-raofz=\"13\">Idealizador do evento, o promotor de Justi\u00e7a e coordenador do N\u00facleo de Defesa da Educa\u00e7\u00e3o do Minist\u00e9rio P\u00fablico de Alagoas, Lucas Sachsida, vai conseguir reunir alguns dos mais atuantes promotores de Justi\u00e7a que est\u00e3o trabalhando nessa tem\u00e1tica nas diversas unidades dos MPs. \u201cNa verdade, esse encontro vai al\u00e9m do debate sobre a educa\u00e7\u00e3o na pandemia, ele ocorrer\u00e1 tamb\u00e9m com a miss\u00e3o de reafirmar o direito \u00e0 educa\u00e7\u00e3o como um ramo do direito imprescind\u00edvel para uma sociedade melhor\u201d, defendeu ele.<\/span><\/p>\n<p style=\"text-align: justify;\" data-raofz=\"14\"><span style=\"font-size: 14pt;\" data-raofz=\"13\"><strong>Eixos tem\u00e1ticos<\/strong><\/span><\/p>\n<p style=\"text-align: justify;\" data-raofz=\"14\"><span style=\"font-size: 14pt;\" data-raofz=\"13\">O evento acontecer\u00e1 seguindo cinco eixos tem\u00e1ticos que tratar\u00e3o dos principais desafios e das boas pr\u00e1ticas na concretiza\u00e7\u00e3o do direito fundamental \u00e0 educa\u00e7\u00e3o. S\u00e3o eles:<\/span><\/p>\n<p style=\"text-align: justify;\" data-raofz=\"14\"><span style=\"font-size: 14pt;\" data-raofz=\"13\">\u2043 Eixo tem\u00e1tico 1: Taxonomia do direito \u00e0 Educa\u00e7\u00e3o \u2013 Palestra do promotor de Justi\u00e7a do MPRS Felipe Teixeira Neto;<\/span><\/p>\n<p style=\"text-align: justify;\" data-raofz=\"14\"><span style=\"font-size: 14pt;\" data-raofz=\"13\">\u2043 Eixo tem\u00e1tico 2: Busca ativa, evas\u00e3o escolar e o agravo na pandemia \u2013 Como o Minist\u00e9rio P\u00fablico pode \u201ccolaborar\u201d? \u2013 Palestra da promotora de Justi\u00e7a do MPRS Ros\u00e2ngela Corr\u00eaa da Rosa;<\/span><\/p>\n<p style=\"text-align: justify;\" data-raofz=\"14\"><span style=\"font-size: 14pt;\" data-raofz=\"13\">\u2043 Eixo tem\u00e1tico 3: Retorno seguro \u00e0s atividades escolares presenciais: a experi\u00eancia de Santa Catarina \u2013 Palestra do promotor de Justi\u00e7a do MPSC Jo\u00e3o Botega;\u00a0<\/span><\/p>\n<p style=\"text-align: justify;\" data-raofz=\"14\"><span style=\"font-size: 14pt;\" data-raofz=\"13\">\u2043 Eixo tem\u00e1tico 4: As viola\u00e7\u00f5es ao direito da alimenta\u00e7\u00e3o escolar durante a pandemia da COVID-19 \u2013 Palestra da promotora de Justi\u00e7a do MPMA Sandra Soares de Pontes;<\/span><\/p>\n<p style=\"text-align: justify;\" data-raofz=\"14\"><span style=\"font-size: 14pt;\" data-raofz=\"13\">\u2043 Eixo tem\u00e1tico 5: O Novo Fundeb \u2013 Palestra da consultora jur\u00eddica da Unesco, Giovanna Sciencia, e do coordenador de operacionaliza\u00e7\u00e3o do Fundeb, Leomir Ferreira de Ara\u00fajo.<\/span><\/p>\n<p style=\"text-align: justify;\" data-raofz=\"14\"><span style=\"font-size: 14pt;\" data-raofz=\"13\"><strong>As inscri\u00e7\u00f5es continuam abertas<\/strong><\/span><\/p>\n<p style=\"text-align: justify;\" data-raofz=\"14\"><span style=\"font-size: 14pt;\" data-raofz=\"13\">Apesar de faltarem poucos dias para o I Encontro Nacional dos Promotores de Justi\u00e7a da Educa\u00e7\u00e3o, as inscri\u00e7\u00f5es seguem abertas para quem tiver interesse em participar. Elas s\u00e3o on-line e gratuitas.<\/span><\/p>\n<div class=\"bubbles scrolled-down\" data-raofz=\"14\">\n<div class=\"scrollable scrollable-y\" data-raofz=\"14\">\n<div class=\"bubbles-inner has-rights\" data-raofz=\"14\">\n<div class=\"bubbles-date-group\" data-raofz=\"14\">\n<div class=\"bubble is-sent hide-name is-out can-have-tail is-group-first is-group-last\" data-mid=\"5959122943\" data-timestamp=\"1623875085\" data-raofz=\"14\">\n<div class=\"bubble-content-wrapper\" data-raofz=\"14\">\n<div class=\"bubble-content\" data-raofz=\"14\">\n<div class=\"message\" dir=\"auto\" data-raofz=\"14\">\n<p style=\"text-align: justify;\" data-raofz=\"14\"><span style=\"font-size: 14pt;\" data-raofz=\"13\">O evento \u00e9 destinado aos membros e servidores das unidades do Minist\u00e9rio P\u00fablico dos Estados e da Uni\u00e3o, profissionais da educa\u00e7\u00e3o e institui\u00e7\u00f5es afins, al\u00e9m de outros interessados.<\/span><\/p>\n<\/div>\n<\/div>\n<\/div>\n<\/div>\n<\/div>\n<\/div>\n<\/div>\n<\/div>\n","protected":false},"excerpt":{"rendered":"<p> [&hellip;]<\/p>\n","protected":false},"author":1,"featured_media":10212,"comment_status":"open","ping_status":"open","sticky":false,"template":"","format":"standard","meta":{"om_disable_all_campaigns":false,"_monsterinsights_skip_tracking":false,"_monsterinsights_sitenote_active":false,"_monsterinsights_sitenote_note":"","_monsterinsights_sitenote_category":0,"_uf_show_specific_survey":0,"_uf_disable_surveys":false,"footnotes":""},"categories":[2],"tags":[],"class_list":["post-10211","post","type-post","status-publish","format-standard","has-post-thumbnail","hentry","category-not_mpal"],"aioseo_notices":[],"_links":{"self":[{"href":"https:\/\/www.mpal.mp.br\/index.php?rest_route=\/wp\/v2\/posts\/10211","targetHints":{"allow":["GET"]}}],"collection":[{"href":"https:\/\/www.mpal.mp.br\/index.php?rest_route=\/wp\/v2\/posts"}],"about":[{"href":"https:\/\/www.mpal.mp.br\/index.php?rest_route=\/wp\/v2\/types\/post"}],"author":[{"embeddable":true,"href":"https:\/\/www.mpal.mp.br\/index.php?rest_route=\/wp\/v2\/users\/1"}],"replies":[{"embeddable":true,"href":"https:\/\/www.mpal.mp.br\/index.php?rest_route=%2Fwp%2Fv2%2Fcomments&post=10211"}],"version-history":[{"count":1,"href":"https:\/\/www.mpal.mp.br\/index.php?rest_route=\/wp\/v2\/posts\/10211\/revisions"}],"predecessor-version":[{"id":10213,"href":"https:\/\/www.mpal.mp.br\/index.php?rest_route=\/wp\/v2\/posts\/10211\/revisions\/10213"}],"wp:featuredmedia":[{"embeddable":true,"href":"https:\/\/www.mpal.mp.br\/index.php?rest_route=\/wp\/v2\/media\/10212"}],"wp:attachment":[{"href":"https:\/\/www.mpal.mp.br\/index.php?rest_route=%2Fwp%2Fv2%2Fmedia&parent=10211"}],"wp:term":[{"taxonomy":"category","embeddable":true,"href":"https:\/\/www.mpal.mp.br\/index.php?rest_route=%2Fwp%2Fv2%2Fcategories&post=10211"},{"taxonomy":"post_tag","embeddable":true,"href":"https:\/\/www.mpal.mp.br\/index.php?rest_route=%2Fwp%2Fv2%2Ftags&post=10211"}],"curies":[{"name":"wp","href":"https:\/\/api.w.org\/{rel}","templated":true}]}}