{"id":10197,"date":"2021-06-18T09:22:22","date_gmt":"2021-06-18T12:22:22","guid":{"rendered":"https:\/\/www.mpal.mp.br\/?p=10197"},"modified":"2022-06-21T09:22:33","modified_gmt":"2022-06-21T12:22:33","slug":"apos-acao-ajuizada-pelo-mpal-e-dpu-judiciario-obriga-prefeitura-de-maceio-a-repassar-recursos-a-casa-de-ranquines","status":"publish","type":"post","link":"https:\/\/www.mpal.mp.br\/?p=10197","title":{"rendered":"Ap\u00f3s a\u00e7\u00e3o ajuizada pelo MPAL e DPU, Judici\u00e1rio obriga Prefeitura de Macei\u00f3 a repassar recursos \u00e0 Casa de Ranquines"},"content":{"rendered":"<p style=\"text-align: justify;\" data-raofz=\"14\"><span style=\"font-size: 14pt;\">O Minist\u00e9rio P\u00fablico do Estado de Alagoas (MPAL) e a Defensoria P\u00fablica da Uni\u00e3o (DPU) ajuizaram uma a\u00e7\u00e3o civil p\u00fablica contra o munic\u00edpio de Macei\u00f3 para que o Poder Executivo pague o valor de R$ 113,7 mil devido \u00e0 Casa de Ranquines, relativo ao conv\u00eanio firmado entre a prefeitura da capital alagoana e a Associa\u00e7\u00e3o Cat\u00f3lica S\u00e3o Vicente de Paulo, respons\u00e1vel pelo trabalho assistencial desenvolvido junto a popula\u00e7\u00e3o de rua. O Judici\u00e1rio acatou o pedido do \u00f3rg\u00e3o ministerial e determinou o repasse dos recursos.<\/span><\/p>\n<p style=\"text-align: justify;\" data-raofz=\"14\"><span style=\"font-size: 14pt;\">De acordo com a peti\u00e7\u00e3o proposta pelos promotores de Justi\u00e7a Fernanda Moreira e Ant\u00f4nio Jorge Sodr\u00e9, das 15a e 61a Promotorias de Justi\u00e7a, e pelo defensor p\u00fablico Diego Bruno Martins, o termo de fomento n\u00b0 04\/2020 foi firmado entre a Secretaria Municipal de Assist\u00eancia Social (Semas) e a Associa\u00e7\u00e3o Cat\u00f3lica S\u00e3o Vicente de Paulo, ainda ano passado, para que o munic\u00edpio de Macei\u00f3 ajudasse financeiramente a entidade e, em 19 de mar\u00e7o \u00faltimo, houve um aditivo ao termo, de modo que, a partir daquele momento, mensalmente, fosse repassado o valor de R$ 112 mil (cento e doze mil reais) para\u00a0 assegurar os servi\u00e7os prestados pela Casa de Ranquines.<\/span><\/p>\n<p style=\"text-align: justify;\" data-raofz=\"14\"><span style=\"font-size: 14pt;\">No entanto, apesar da previs\u00e3o legal para a transfer\u00eancia de verba, a Prefeitura de Macei\u00f3, no m\u00eas de abril, faltou<\/span><br \/>\n<span style=\"font-size: 14pt;\">repassar R$ 1,7 mil (um mil e setecentos reais) e, em maio, n\u00e3o repassou os R$112 mil.<\/span><\/p>\n<p style=\"text-align: justify;\" data-raofz=\"14\"><span style=\"font-size: 14pt;\">\u201cA Casa de Ranquines, que \u00e9 mantida pela Associa\u00e7\u00e3o Cat\u00f3lica S\u00e3o Vicente de Paulo, faz um grande trabalho de acolhimento institucional para adultos e fam\u00edlias inteiras que vivem em situa\u00e7\u00e3o de rua, de desabrigo ou de abandono. A entidade tem um boa estrutura para receber essa popula\u00e7\u00e3o e oferecer a ela, que com certeza n\u00e3o tem condi\u00e7\u00f5es do seu autossustento, o m\u00ednimo de dignidade. No entanto, para que isso ocorra, \u00e9 preciso de dinheiro para custear as despesas, por isso \u00e9 t\u00e3o imprescind\u00edvel o repasse da Prefeitura de Macei\u00f3\u201d, explicou o promotor Jorge Sodr\u00e9.<\/span><\/p>\n<p style=\"text-align: justify;\" data-raofz=\"14\"><span style=\"font-size: 14pt;\"><strong>Os pedidos do MPAL<\/strong><\/span><\/p>\n<p style=\"text-align: justify;\" data-raofz=\"14\"><span style=\"font-size: 14pt;\">Na a\u00e7\u00e3o civil p\u00fablica, o Minist\u00e9rio P\u00fablico de Alagoas pediu que, liminarmente, em car\u00e1ter de urg\u00eancia, o Poder Judici\u00e1rio determinasse ao munic\u00edpio de Macei\u00f3 que, em at\u00e9 48 horas, ele fizesse o repasse o valor retido de R$ 1,7 mil, referente a parte da 2\u00aa parcela do termo de fomento do m\u00eas de abril e, ainda, os R$ 112 mil do m\u00eas de maio, independentemente de san\u00e7\u00e3o da Lei Or\u00e7ament\u00e1ria para o ano de 2021. O requerimento foi deferido pelo juiz Ant\u00f4nio Emanoel D\u00f3rea, da 14a Vara da Fazenda P\u00fablica Municipal.<\/span><\/p>\n<p style=\"text-align: justify;\" data-raofz=\"14\"><span style=\"font-size: 14pt;\">O MPAL e a DPU tamb\u00e9m requisitaram que, em raz\u00e3o da demora no repasse, os valores chegassem \u00e0s contas da Associa\u00e7\u00e3o S\u00e3o Vicente de Paulo corrigidos conforme os crit\u00e9rios legais. Inclusive com multa, caso n\u00e3o repassada a verba pecuni\u00e1ria de R$ 113,7 mil no prazo estipulado de dois dias.<\/span><\/p>\n","protected":false},"excerpt":{"rendered":"<p> [&hellip;]<\/p>\n","protected":false},"author":1,"featured_media":10198,"comment_status":"open","ping_status":"open","sticky":false,"template":"","format":"standard","meta":{"om_disable_all_campaigns":false,"_monsterinsights_skip_tracking":false,"_monsterinsights_sitenote_active":false,"_monsterinsights_sitenote_note":"","_monsterinsights_sitenote_category":0,"_uf_show_specific_survey":0,"_uf_disable_surveys":false,"footnotes":""},"categories":[2],"tags":[],"class_list":["post-10197","post","type-post","status-publish","format-standard","has-post-thumbnail","hentry","category-not_mpal"],"aioseo_notices":[],"_links":{"self":[{"href":"https:\/\/www.mpal.mp.br\/index.php?rest_route=\/wp\/v2\/posts\/10197","targetHints":{"allow":["GET"]}}],"collection":[{"href":"https:\/\/www.mpal.mp.br\/index.php?rest_route=\/wp\/v2\/posts"}],"about":[{"href":"https:\/\/www.mpal.mp.br\/index.php?rest_route=\/wp\/v2\/types\/post"}],"author":[{"embeddable":true,"href":"https:\/\/www.mpal.mp.br\/index.php?rest_route=\/wp\/v2\/users\/1"}],"replies":[{"embeddable":true,"href":"https:\/\/www.mpal.mp.br\/index.php?rest_route=%2Fwp%2Fv2%2Fcomments&post=10197"}],"version-history":[{"count":1,"href":"https:\/\/www.mpal.mp.br\/index.php?rest_route=\/wp\/v2\/posts\/10197\/revisions"}],"predecessor-version":[{"id":10199,"href":"https:\/\/www.mpal.mp.br\/index.php?rest_route=\/wp\/v2\/posts\/10197\/revisions\/10199"}],"wp:featuredmedia":[{"embeddable":true,"href":"https:\/\/www.mpal.mp.br\/index.php?rest_route=\/wp\/v2\/media\/10198"}],"wp:attachment":[{"href":"https:\/\/www.mpal.mp.br\/index.php?rest_route=%2Fwp%2Fv2%2Fmedia&parent=10197"}],"wp:term":[{"taxonomy":"category","embeddable":true,"href":"https:\/\/www.mpal.mp.br\/index.php?rest_route=%2Fwp%2Fv2%2Fcategories&post=10197"},{"taxonomy":"post_tag","embeddable":true,"href":"https:\/\/www.mpal.mp.br\/index.php?rest_route=%2Fwp%2Fv2%2Ftags&post=10197"}],"curies":[{"name":"wp","href":"https:\/\/api.w.org\/{rel}","templated":true}]}}