{"id":10193,"date":"2021-06-18T09:20:16","date_gmt":"2021-06-18T12:20:16","guid":{"rendered":"https:\/\/www.mpal.mp.br\/?p=10193"},"modified":"2022-06-21T09:20:38","modified_gmt":"2022-06-21T12:20:38","slug":"4a-promotoria-de-justica-de-rio-largo-denuncia-seis-homens-pela-morte-de-kleber-malaquia","status":"publish","type":"post","link":"https:\/\/www.mpal.mp.br\/?p=10193","title":{"rendered":"4a Promotoria de Justi\u00e7a de Rio Largo denuncia seis homens pela morte de Kleber Malaquia"},"content":{"rendered":"<p style=\"text-align: justify;\" data-raofz=\"14\"><span style=\"font-size: 14pt;\">O Minist\u00e9rio P\u00fablico do Estado de Alagoas (MPAL) denunciou, no \u00faltimo dia 7, seis pessoas acusadas de assassinar Kleber Malaquias, em julho do ano passado, no munic\u00edpio de Rio Largo. Dentre os r\u00e9us, est\u00e3o dois policiais militares.<\/span><\/p>\n<p style=\"text-align: justify;\" data-raofz=\"14\"><span style=\"font-size: 14pt;\">A a\u00e7\u00e3o penal foi proposta pela promotora de Justi\u00e7a C\u00edntia Calumby, titular da 4a Promotoria de Justi\u00e7a de Rio Largo. Segundo ela, seis pessoas foram denunciadas: dois policiais militares, um ex-PM, um homem morador do mesmo munic\u00edpio onde ocorreu o homic\u00eddio e mais dois que residem em Macei\u00f3.<\/span><\/p>\n<p style=\"text-align: justify;\" data-raofz=\"14\"><span style=\"font-size: 14pt;\">\u201cApesar das investiga\u00e7\u00f5es das Pol\u00edcias Federal e Civil ainda continuarem, o Minist\u00e9rio P\u00fablico j\u00e1 sabe que pelo menos seis indiv\u00edduos participaram do assassinato. Descobrirmos a autoria por meio da coleta de depoimentos, da an\u00e1lise de imagens recolhidas de c\u00e2meras de rua e da quebra de sigilo de dados telef\u00f4nicos e telam\u00e1ticos dos acusados. Como a apura\u00e7\u00e3o seguir\u00e1, caso tenhamos a comprova\u00e7\u00e3o de novos envolvidos, poderemos fazer um aditamento \u00e0 den\u00fancia\u201d, informou a promotora de Justi\u00e7a.<\/span><\/p>\n<p style=\"text-align: justify;\" data-raofz=\"14\"><span style=\"font-size: 14pt;\">Os r\u00e9us foram enquadrados no crime de homic\u00eddio duplamente qualificado, por motivo que impossibilitou a defesa da v\u00edtima e mediante pagamento de recompensa.<\/span><\/p>\n<p style=\"text-align: justify;\" data-raofz=\"14\"><span style=\"font-size: 14pt;\"><strong>O crime<\/strong><\/span><\/p>\n<p style=\"text-align: justify;\" data-raofz=\"14\"><span style=\"font-size: 14pt;\">Kleber Malaquias foi assassinado com dois tiros, no dia 15 de julho do ano passado, dentro do bar da Buchada, localizado na Avenida Teot\u00f4nio Vilela, Mata do Rolo, na cidade de Rio Largo.<\/span><\/p>\n<p style=\"text-align: justify;\" data-raofz=\"14\"><span style=\"font-size: 14pt;\">Dos seis r\u00e9us denunciados pelo MPAL, quatro deles j\u00e1 estavam presos desde abril \u00faltimo, ap\u00f3s a deflagra\u00e7\u00e3o da opera\u00e7\u00e3o Sic\u00e1rios, comandada pela Delegacia de Homic\u00eddios de Rio Largo com o apoio da Ger\u00eancia de Estat\u00edstica e Informa\u00e7\u00e3o da Pol\u00edcia Civil. Os outros depois foram presos nesta sexta-feira (18).<\/span><\/p>\n","protected":false},"excerpt":{"rendered":"<p> [&hellip;]<\/p>\n","protected":false},"author":1,"featured_media":10194,"comment_status":"open","ping_status":"open","sticky":false,"template":"","format":"standard","meta":{"om_disable_all_campaigns":false,"_monsterinsights_skip_tracking":false,"_monsterinsights_sitenote_active":false,"_monsterinsights_sitenote_note":"","_monsterinsights_sitenote_category":0,"_uf_show_specific_survey":0,"_uf_disable_surveys":false,"footnotes":""},"categories":[2],"tags":[],"class_list":["post-10193","post","type-post","status-publish","format-standard","has-post-thumbnail","hentry","category-not_mpal"],"aioseo_notices":[],"_links":{"self":[{"href":"https:\/\/www.mpal.mp.br\/index.php?rest_route=\/wp\/v2\/posts\/10193","targetHints":{"allow":["GET"]}}],"collection":[{"href":"https:\/\/www.mpal.mp.br\/index.php?rest_route=\/wp\/v2\/posts"}],"about":[{"href":"https:\/\/www.mpal.mp.br\/index.php?rest_route=\/wp\/v2\/types\/post"}],"author":[{"embeddable":true,"href":"https:\/\/www.mpal.mp.br\/index.php?rest_route=\/wp\/v2\/users\/1"}],"replies":[{"embeddable":true,"href":"https:\/\/www.mpal.mp.br\/index.php?rest_route=%2Fwp%2Fv2%2Fcomments&post=10193"}],"version-history":[{"count":1,"href":"https:\/\/www.mpal.mp.br\/index.php?rest_route=\/wp\/v2\/posts\/10193\/revisions"}],"predecessor-version":[{"id":10196,"href":"https:\/\/www.mpal.mp.br\/index.php?rest_route=\/wp\/v2\/posts\/10193\/revisions\/10196"}],"wp:featuredmedia":[{"embeddable":true,"href":"https:\/\/www.mpal.mp.br\/index.php?rest_route=\/wp\/v2\/media\/10194"}],"wp:attachment":[{"href":"https:\/\/www.mpal.mp.br\/index.php?rest_route=%2Fwp%2Fv2%2Fmedia&parent=10193"}],"wp:term":[{"taxonomy":"category","embeddable":true,"href":"https:\/\/www.mpal.mp.br\/index.php?rest_route=%2Fwp%2Fv2%2Fcategories&post=10193"},{"taxonomy":"post_tag","embeddable":true,"href":"https:\/\/www.mpal.mp.br\/index.php?rest_route=%2Fwp%2Fv2%2Ftags&post=10193"}],"curies":[{"name":"wp","href":"https:\/\/api.w.org\/{rel}","templated":true}]}}