{"id":10189,"date":"2021-06-18T09:18:41","date_gmt":"2021-06-18T12:18:41","guid":{"rendered":"https:\/\/www.mpal.mp.br\/?p=10189"},"modified":"2022-06-21T09:18:59","modified_gmt":"2022-06-21T12:18:59","slug":"em-sessao-extraordinaria-ministerio-publico-de-alagoas-homenageia-o-promotor-de-justica-carlos-davi","status":"publish","type":"post","link":"https:\/\/www.mpal.mp.br\/?p=10189","title":{"rendered":"Em sess\u00e3o extraordin\u00e1ria, Minist\u00e9rio P\u00fablico de Alagoas homenageia o promotor de Justi\u00e7a Carlos Davi"},"content":{"rendered":"<p style=\"text-align: justify;\" align=\"justify\" data-raofz=\"14\"><span style=\"font-size: 14pt;\">Um momento especial, de reconhecimento, de agradecimento e despedida ocorreu, na manh\u00e3 desta quinta-feira (17), na Sala dos Colegiados do Minist\u00e9rio P\u00fablico do Estado de Alagoas, Procurador de Justi\u00e7a Joubert C\u00e2mara Scala durante a 4\u00aa Reuni\u00e3o Extraordin\u00e1ria do Col\u00e9gio de Procuradores. O evento, presidido pelo procurador-geral de Justi\u00e7a, M\u00e1rcio Roberto Ten\u00f3rio de Albuquerque, reuniu tamb\u00e9m promotores e servidores \u00f3rg\u00e3o para homenagem ao promotor de Justi\u00e7a, Carlos Davi Lopes Correia Lima que se despede de Alagoas para assumir cargo similar na Para\u00edba, sua terra natal.<\/span><\/p>\n<p style=\"text-align: justify;\" align=\"justify\" data-raofz=\"14\"><span style=\"font-size: 14pt;\">Devido ao per\u00edodo pand\u00eamico, a solenidade presencial teve n\u00famero limitado de membros e servidores, mas foi acompanhada por centenas de pessoas que se dispuseram a prestigiar e emitir mensagens ao amigo. O promotor de Justi\u00e7a, Carlos Davi, apesar ad pouca idade, 36 anos, j\u00e1 foi juiz na Bahia, de onde saiu para atuar em Alagoas ap\u00f3s ser aprovado em 1\u00ba lugar no concurso. Atuou em quase todas as Comarcas, tornando-se respeitado desde que aqui chegou. Esteve \u00e0 frente de casos de repercuss\u00e3o como a pris\u00e3o e afastamento de todos os gestores de Joaquim Gomes; na situa\u00e7\u00e3o do desvio de R$ 13 milh\u00f5es de Mata Grande, ambas de repercuss\u00e3o nacional. Entre tantos outros momentos que s\u00f3 elevaram o nome da institui\u00e7\u00e3o, ganhando respeito e admira\u00e7\u00e3o por sua integridade, \u00e9tica e compet\u00eancia.<\/span><\/p>\n<p style=\"text-align: justify;\" align=\"justify\" data-raofz=\"14\"><span style=\"font-size: 14pt;\">O procurador-geral de Justi\u00e7a discursou emocionado, reconhecendo a import\u00e2ncia do promotor nas fileiras do MP de Alagoas, bem como a honra do Minist\u00e9rio P\u00fablico da Para\u00edba em t\u00ea-o, a partir de 1\u00ba de julho como seu integrante.<\/span><\/p>\n<p style=\"text-align: justify;\" align=\"justify\" data-raofz=\"14\"><span style=\"font-size: 14pt;\">\u201cO Minist\u00e9rio P\u00fablico de Alagoas perde com a sa\u00edda deste grande promotor de Justi\u00e7a que, fez jus, desde o in\u00edcio como seu representante. O doutor Carlos Davi deixa um legado, formado pela jun\u00e7\u00e3o de compet\u00eancia, idoneidade, de trabalhao incans\u00e1vel em defesa dos alagoanos. Sempre soube respeitar e se fazer respeitado. Sentiremos muito a sua falta, perdemos, mas entendemos a sua escolha, a de ficar perto da sua fam\u00edlia, seu pai, esposa e filhos, assim n\u00e3o h\u00e1 como questionar a decis\u00e3o. Apenas ressaltamos que ele deixa o Minist\u00e9rio P\u00fablico de Alagoas, mas continuar\u00e1 como membro do Minist\u00e9rio P\u00fablico brasileiro e, por onde andar, ser\u00e1 brilhante. V\u00e1, amigo Davi, mas volte sempre para visitar os amigos sempre que puder\u201d, expressou o chefe ministerial.<\/span><\/p>\n<p style=\"text-align: justify;\" align=\"justify\" data-raofz=\"14\"><span style=\"font-size: 14pt;\">O procurador de Justi\u00e7a, S\u00e9rgio Juc\u00e1, lembrou o v\u00ednculo de amizade com o promotor Carlos Davi, e deu seu depoimento com a voz embargada, sem conter as l\u00e1grimas.<\/span><\/p>\n<p style=\"text-align: justify;\" align=\"justify\" data-raofz=\"14\"><span style=\"font-size: 14pt;\">\u201cEnquanto estive como procurador-geral de Justi\u00e7a, posso dizer que Carlos Davi jamais recusou uma miss\u00e3o e que desenvolveu com grandeza funcional todas aquelas que foram confiadas \u00e0 sua pessoa. Ele deixa o bravo Minist\u00e9rio P\u00fablico do Estado de Alagoas, mas continuar\u00e1 a prestar servi\u00e7os relevantes ao Minist\u00e9rio P\u00fablico Brasileiro, agora, no Minist\u00e9rio P\u00fablico da Para\u00edba. Ent\u00e3o, ganha, obviamente, aquela unidade do ministerial, que passar\u00e1 a ter uma pessoa de valor incomensur\u00e1vel, dotada de muitos conhecimentos na esfera jur\u00eddica e excelente profissional. E, para finalizar, quero desejar a voc\u00ea, amigo Davi, que seja feliz ao lado da fam\u00edlia no estado onde nasceu\u201d, afirma Juc\u00e1.<\/span><\/p>\n<p style=\"text-align: justify;\" align=\"justify\" data-raofz=\"14\"><span style=\"font-size: 14pt;\">Outro que deixou mensagem para o promotor Carlos Davi, foi o corregedor-geral do MPL, procurador de Justi\u00e7a, . Walber<\/span><\/p>\n<p style=\"text-align: justify;\" data-raofz=\"14\"><span style=\"font-size: 14pt;\">\u201cO caminho trilhado ao lado da fam\u00edlia e a sua trajet\u00f3ria profissional deixam em Alagoas um exemplo de promotor de Justi\u00e7a que, por onde esteve, mostrou dedica\u00e7\u00e3o e empenho ao nosso Minist\u00e9rio P\u00fablico de Alagoas. Em nome da Corregedoria, parabenizo-lhe por ter sido uma grande refer\u00eancia entre n\u00f3s\u201d, disse.<\/span><\/p>\n<p style=\"text-align: justify;\" align=\"justify\" data-raofz=\"14\"><span style=\"font-size: 14pt;\">A procuradora de Justi\u00e7a, Denise Guimar\u00e3es, reafirmou a perda que ter\u00e1 o MP de Alagoas.<\/span><\/p>\n<p style=\"text-align: justify;\" data-raofz=\"14\"><span style=\"font-size: 14pt;\">\u201cAcompanhei todas as atribui\u00e7\u00f5es que lhes foram conferidas e voc\u00ea n\u00e3o se furtou a nenhuma delas. E, mesmo trabalhando tanto, continuou os estudos para voltar \u00e0 sua terra Para\u00edba, o que mostra o quanto \u00e9 dedicado a aquilo que o move. O MP de Alagoas vive uma grande perda em termos de compet\u00eancia e, tenha certeza, nesses seu sete anos na nossa institui\u00e7\u00e3o, s\u00f3 temos elogios a te fazer\u201d.<\/span><\/p>\n<p style=\"text-align: justify;\" data-raofz=\"14\"><span style=\"font-size: 14pt;\">Tamb\u00e9m demonstrando emo\u00e7\u00e3o em sua fala, posicionou-se o procurador de Justi\u00e7a, Jos\u00e9 Artur.<\/span><\/p>\n<p style=\"text-align: justify;\" data-raofz=\"14\"><span style=\"font-size: 14pt;\">\u201cCarlos Davi \u00e9 um brilhante promotor de Justi\u00e7a e demonstrou isso por meio de uma grande atua\u00e7\u00e3o por onde passou. Ele honrou o Minist\u00e9rio P\u00fablico de Alagoas e, igualmente, honrar\u00e1 o Minist\u00e9rio P\u00fablico da Para\u00edba. Ele nos deixa saindo pela porta da frente\u201d.<\/span><\/p>\n<p style=\"text-align: justify;\" data-raofz=\"14\"><span style=\"font-size: 14pt;\">Pelo Grupo de Atua\u00e7\u00e3o Especial de Combate ao Crime Organizado (Gaeco), falaram o coordenador e o coordenador-adjunto, promotores de Justi\u00e7a, Ant\u00f4nio Luiz e Hamilton Carneiro, respectivamente.<\/span><\/p>\n<p style=\"text-align: justify;\" align=\"justify\" data-raofz=\"14\"><span style=\"font-size: 14pt;\">\u201cDavi \u00e9 um amigo que ganhamos, um excelente promotor de Justi\u00e7a, foi um grande ganho para o Gaeco e sempre correspondeu \u00e0s nossas expectativas e da institui\u00e7\u00e3o. \u00c8, como todos \u00e1 falaram, uma grande perda. Davi tem uma qualidade que \u00e9 a de ser sereno, calmo ao tempo em que atua com compet\u00eancia\u201d, disse Ant\u00f4nio Luiz.<\/span><\/p>\n<p style=\"text-align: justify;\" align=\"justify\" data-raofz=\"14\"><span style=\"font-size: 14pt;\">\u201cO meu breve testemunho \u00e9 de quando vi o Davi pela primeira vez. Naquela ocasi\u00e3o, entrou o jovem promotor de Justi\u00e7a de Joaquim Gomes, na sala do ent\u00e3o Gecoc, hoje Gaeco, com os olhos brilhando e com o desejo de fazer justi\u00e7a naquele munic\u00edpio, em raz\u00e3o da corrup\u00e7\u00e3o que ele havia descoberto. Ali, tive a certeza de que estava diante de um grande promotor. Davi \u00e9 uma pessoa inquieta e vocacionada e \u00e9 essa sua inquietude que o faz um gigante representante do Minist\u00e9rio P\u00fablico Brasileiro. N\u00e3o \u00e0 toa, ele abandonou a carreira na magistratura, \u00e9 que o seu lugar \u00e9 mesmo o Minist\u00e9rio P\u00fablico\u201d, declarou Hamilton Carneiro.<\/span><\/p>\n<p style=\"text-align: justify;\" align=\"justify\" data-raofz=\"14\"><span style=\"font-size: 14pt;\">Os promotores de Justi\u00e7a, Magno Alexandre, Marlisson Andrade e Paulo Roberto, estes \u00faltimos do mesmo concurso do promotor Carlos Davi, tamb\u00e9m deixaram suas mensagens. Servidores se manifestaram por mensagens on-line.<\/span><\/p>\n<p style=\"text-align: justify;\" align=\"justify\" data-raofz=\"14\"><span style=\"font-size: 14pt;\">Sem controlar as l\u00e1grimas, o promotor Carlos Davi fez um discurso de agradecimento enaltecendo o acolhimento e o aprendizado em Alagoas.<\/span><\/p>\n<p style=\"text-align: justify;\" align=\"justify\" data-raofz=\"14\"><span style=\"font-size: 14pt;\">\u201cO Minist\u00e9rio P\u00fablico alagoano me ensinou que uma institui\u00e7\u00e3o \u00e9 feita, precipuamente, de homens e mulheres de envergadura moral, membros e servidores abnegados, que se doam por um ideal. E n\u00e3o simplesmente de pr\u00e9dios sintuosos ou computadores ultramodernos. Aqui aprendi que ser promotor de Justi\u00e7a \u00e9 muito mais que desempenhar uma singela profiss\u00e3o; \u00e9 um verdadeiro sacerd\u00f3cio, uma miss\u00e3o, um projeto de vida. Ser MP \u00e9 pura doa\u00e7\u00e3o, paix\u00e3o e emo\u00e7\u00e3o. \u00c9 ter o sangue da indigna\u00e7\u00e3o pulsando em suas veias, mormente em um pa\u00eds marcado por tantas assimetrias, corrup\u00e7\u00e3o e impunidade\u201d, diz trecho do seu emocionante discurso.<\/span><\/p>\n<p style=\"text-align: justify;\" align=\"justify\" data-raofz=\"14\"><span style=\"font-size: 14pt;\">Durante a solenidade, o promotor Carlos Davi foi homenageado com um cordel que teve o t\u00edtulo \u201cO promotor menino\u201d, de autoria da jornalista Dulce Melo, integrante da Diretoria de Comunica\u00e7\u00e3o da institui\u00e7\u00e3o, bem como recebeu uma placa com o seguinte texto:<\/span><\/p>\n<p style=\"text-align: justify;\" align=\"justify\" data-raofz=\"14\"><span style=\"font-size: 14pt;\">\u201cO Minist\u00e9rio P\u00fablico do Estado de Alagoas reconhece o brilhantismo da sua passagem como promotor de Justi\u00e7a, agradecendo pelo empenho, coragem, compromisso e retid\u00e3o com os quais combateu \u00e0 corrup\u00e7\u00e3o e defendeu a cidadania dos alagoanos.<\/span><\/p>\n<p style=\"text-align: justify;\" align=\"justify\" data-raofz=\"14\"><span style=\"font-size: 14pt;\">Que a sua compet\u00eancia e a sua idoneidade possam proteger a sociedade para\u00edbana com o mesmo zelo. Gratos ficamos pela hist\u00f3ria que, entre n\u00f3s, construiu.<\/span><\/p>\n<p style=\"text-align: justify;\" align=\"justify\" data-raofz=\"14\"><span style=\"font-size: 14pt;\">N\u00e3o h\u00e1 nada mais satisfat\u00f3rio na vida de um homem probo que haver cumprido o seu dever\u201d<\/span><\/p>\n<p style=\"text-align: justify;\" align=\"justify\" data-raofz=\"14\"><span style=\"font-size: 14pt;\">(Jean Baptiste Colbert).<\/span><\/p>\n<p style=\"text-align: justify;\" align=\"justify\" data-raofz=\"14\"><span style=\"font-size: 14pt;\">Assinada pelo procurador-geral de Justi\u00e7a, M\u00e1rcio Roberto Ten\u00f3rio de Albuquerque.<\/span><\/p>\n","protected":false},"excerpt":{"rendered":"<p> [&hellip;]<\/p>\n","protected":false},"author":1,"featured_media":10190,"comment_status":"open","ping_status":"open","sticky":false,"template":"","format":"standard","meta":{"om_disable_all_campaigns":false,"_monsterinsights_skip_tracking":false,"_monsterinsights_sitenote_active":false,"_monsterinsights_sitenote_note":"","_monsterinsights_sitenote_category":0,"_uf_show_specific_survey":0,"_uf_disable_surveys":false,"footnotes":""},"categories":[2],"tags":[],"class_list":["post-10189","post","type-post","status-publish","format-standard","has-post-thumbnail","hentry","category-not_mpal"],"aioseo_notices":[],"_links":{"self":[{"href":"https:\/\/www.mpal.mp.br\/index.php?rest_route=\/wp\/v2\/posts\/10189","targetHints":{"allow":["GET"]}}],"collection":[{"href":"https:\/\/www.mpal.mp.br\/index.php?rest_route=\/wp\/v2\/posts"}],"about":[{"href":"https:\/\/www.mpal.mp.br\/index.php?rest_route=\/wp\/v2\/types\/post"}],"author":[{"embeddable":true,"href":"https:\/\/www.mpal.mp.br\/index.php?rest_route=\/wp\/v2\/users\/1"}],"replies":[{"embeddable":true,"href":"https:\/\/www.mpal.mp.br\/index.php?rest_route=%2Fwp%2Fv2%2Fcomments&post=10189"}],"version-history":[{"count":1,"href":"https:\/\/www.mpal.mp.br\/index.php?rest_route=\/wp\/v2\/posts\/10189\/revisions"}],"predecessor-version":[{"id":10191,"href":"https:\/\/www.mpal.mp.br\/index.php?rest_route=\/wp\/v2\/posts\/10189\/revisions\/10191"}],"wp:featuredmedia":[{"embeddable":true,"href":"https:\/\/www.mpal.mp.br\/index.php?rest_route=\/wp\/v2\/media\/10190"}],"wp:attachment":[{"href":"https:\/\/www.mpal.mp.br\/index.php?rest_route=%2Fwp%2Fv2%2Fmedia&parent=10189"}],"wp:term":[{"taxonomy":"category","embeddable":true,"href":"https:\/\/www.mpal.mp.br\/index.php?rest_route=%2Fwp%2Fv2%2Fcategories&post=10189"},{"taxonomy":"post_tag","embeddable":true,"href":"https:\/\/www.mpal.mp.br\/index.php?rest_route=%2Fwp%2Fv2%2Ftags&post=10189"}],"curies":[{"name":"wp","href":"https:\/\/api.w.org\/{rel}","templated":true}]}}