{"id":10184,"date":"2021-06-18T09:17:13","date_gmt":"2021-06-18T12:17:13","guid":{"rendered":"https:\/\/www.mpal.mp.br\/?p=10184"},"modified":"2022-06-21T09:17:23","modified_gmt":"2022-06-21T12:17:23","slug":"arapiraca-ministerio-publico-monta-forca-tarefa-para-fiscalizar-aglomeracoes-em-estabelecimentos-publicos-e-privados","status":"publish","type":"post","link":"https:\/\/www.mpal.mp.br\/?p=10184","title":{"rendered":"Arapiraca: Minist\u00e9rio P\u00fablico monta for\u00e7a-tarefa para fiscalizar aglomera\u00e7\u00f5es em estabelecimentos p\u00fablicos e privados"},"content":{"rendered":"<p style=\"text-align: justify;\" data-raofz=\"14\"><span style=\"font-size: 14pt;\">Para garantir que as medidas sanit\u00e1rias est\u00e3o sendo, de fato, adotadas e a popula\u00e7\u00e3o tem se conscientizado dos riscos em caso de descumoprimento , o Minist\u00e9rio P\u00fablico de Alagoas (MPAL), por meio das 4\u00aa e 11\u00aa Promotorias de Justi\u00e7a Especializadas de Arapiraca, criou uma for\u00e7a-tarefa e desencadeou opera\u00e7\u00e3o de fiscaliza\u00e7\u00e3o, nesta sexta-feira (18), em estabelecimentos p\u00fablicos e privados. Al\u00e9m do \u00f3rg\u00e3o ministerial, integram a for\u00e7a-tarefa a Pol\u00edcia Militar, a Vigil\u00e2ncia Sanit\u00e1ria, a Secretaria Municipal de Sa\u00fade, o Procon, e a Superintend\u00eancia Municipal de Transporte e Tr\u00e2nsito (SMTT).<\/span><\/p>\n<p style=\"text-align: justify;\" data-raofz=\"14\"><span style=\"font-size: 14pt;\">Os promotores de Justi\u00e7a, Rog\u00e9rio Paranhos e Lucas Mascarenhas, respectivamente, reacendem a preocupa\u00e7\u00e3o diante do aumento de n\u00fameros de casos no munic\u00edpio.<\/span><\/p>\n<p style=\"text-align: justify;\" data-raofz=\"14\"><span style=\"font-size: 14pt;\">\u201cTomamos a iniciativa com o intuito de garantir a prote\u00e7\u00e3o da sa\u00fade e o bem-estar dos mun\u00edcipes, sobretudo na ado\u00e7\u00e3o de medidas de preven\u00e7\u00e3o e fiscaliza\u00e7\u00e3o de estabelecimentos privados e p\u00fablicos. \u00c8 preciso buscar a conten\u00e7\u00e3o da prolifera\u00e7\u00e3o do novo Coronav\u00edrus e, consequentemente, o n\u00famero de casos de Covid-19, mais ainda quando, notadamente, h\u00e1 um quadro de 100% de ocupa\u00e7\u00e3o dos leitos de UTI nos hospitais da regi\u00e3o metropolitana\u201d, afirma o promotor Lucas Mascarenhas.<\/span><\/p>\n<p style=\"text-align: justify;\" data-raofz=\"14\"><span style=\"font-size: 14pt;\">\u201cTivemos como foco da opera\u00e7\u00e3o averiguar se nas filas das ag\u00eancias banc\u00e1rias e tamb\u00e9m nos estabelecimentos est\u00e3o sendo cumpridas as medidas sanit\u00e1rias exigidas. As pessoas precisam assimilar que \u00e9 impdispens\u00e1vel para continuarmos o combate contra esse v\u00edrus t\u00e3o perverso e, assim evitarmos, o sufoco nos hospitais. Visto que, com o aumento da doen\u00e7a, \u00e9 gerado um caos na corrida por leitos e vagas em UTIs, por isso houve a decis\u00e3o de unir for\u00e7as\u201d, ressalta o promotor Rog\u00e9rio Paranhos.<\/span><\/p>\n<p style=\"text-align: justify;\" data-raofz=\"14\"><span style=\"font-size: 14pt;\">Os promotores relataram que, para o conforto dos cidad\u00e3os que aguardavam atendimento nas filas, foram viabilizados toldos para a prote\u00e7\u00e3o dos raios solares, m\u00e1scaras de prote\u00e7\u00e3o individual, respeitando-se os limites de distanciamento social. E enfatizaram que \u201ca for\u00e7a-tarefa continuar\u00e1 por prazo indeterminado\u201d.<\/span><\/p>\n","protected":false},"excerpt":{"rendered":"<p> [&hellip;]<\/p>\n","protected":false},"author":1,"featured_media":10185,"comment_status":"open","ping_status":"open","sticky":false,"template":"","format":"standard","meta":{"om_disable_all_campaigns":false,"_monsterinsights_skip_tracking":false,"_monsterinsights_sitenote_active":false,"_monsterinsights_sitenote_note":"","_monsterinsights_sitenote_category":0,"_uf_show_specific_survey":0,"_uf_disable_surveys":false,"footnotes":""},"categories":[2],"tags":[],"class_list":["post-10184","post","type-post","status-publish","format-standard","has-post-thumbnail","hentry","category-not_mpal"],"aioseo_notices":[],"_links":{"self":[{"href":"https:\/\/www.mpal.mp.br\/index.php?rest_route=\/wp\/v2\/posts\/10184","targetHints":{"allow":["GET"]}}],"collection":[{"href":"https:\/\/www.mpal.mp.br\/index.php?rest_route=\/wp\/v2\/posts"}],"about":[{"href":"https:\/\/www.mpal.mp.br\/index.php?rest_route=\/wp\/v2\/types\/post"}],"author":[{"embeddable":true,"href":"https:\/\/www.mpal.mp.br\/index.php?rest_route=\/wp\/v2\/users\/1"}],"replies":[{"embeddable":true,"href":"https:\/\/www.mpal.mp.br\/index.php?rest_route=%2Fwp%2Fv2%2Fcomments&post=10184"}],"version-history":[{"count":1,"href":"https:\/\/www.mpal.mp.br\/index.php?rest_route=\/wp\/v2\/posts\/10184\/revisions"}],"predecessor-version":[{"id":10187,"href":"https:\/\/www.mpal.mp.br\/index.php?rest_route=\/wp\/v2\/posts\/10184\/revisions\/10187"}],"wp:featuredmedia":[{"embeddable":true,"href":"https:\/\/www.mpal.mp.br\/index.php?rest_route=\/wp\/v2\/media\/10185"}],"wp:attachment":[{"href":"https:\/\/www.mpal.mp.br\/index.php?rest_route=%2Fwp%2Fv2%2Fmedia&parent=10184"}],"wp:term":[{"taxonomy":"category","embeddable":true,"href":"https:\/\/www.mpal.mp.br\/index.php?rest_route=%2Fwp%2Fv2%2Fcategories&post=10184"},{"taxonomy":"post_tag","embeddable":true,"href":"https:\/\/www.mpal.mp.br\/index.php?rest_route=%2Fwp%2Fv2%2Ftags&post=10184"}],"curies":[{"name":"wp","href":"https:\/\/api.w.org\/{rel}","templated":true}]}}