{"id":10174,"date":"2021-06-23T09:11:42","date_gmt":"2021-06-23T12:11:42","guid":{"rendered":"https:\/\/www.mpal.mp.br\/?p=10174"},"modified":"2022-06-21T09:11:59","modified_gmt":"2022-06-21T12:11:59","slug":"projeto-dh-em-pauta-vai-disputar-18o-premio-innovare-na-categoria-ministerio-publico","status":"publish","type":"post","link":"https:\/\/www.mpal.mp.br\/?p=10174","title":{"rendered":"Projeto DH em Pauta vai disputar 18o Pr\u00eamio Innovare, na categoria Minist\u00e9rio P\u00fablico"},"content":{"rendered":"<p style=\"text-align: justify;\" data-raofz=\"14\"><span style=\"font-size: 14pt;\" data-raofz=\"13\">O projeto Direitos Humanos em Pauta, uma importante iniciativa do Minist\u00e9rio P\u00fablico do Estado de Alagoas (MPAL), foi selecionado para a 18a edi\u00e7\u00e3o do Pr\u00eamio Innovare. A inciativa visa consagrar trabalhos que colaboram para ampliar e aprimorar o atendimento da justi\u00e7a aos brasileiros.<\/span><\/p>\n<p style=\"text-align: justify;\" data-raofz=\"14\"><span style=\"font-size: 14pt;\" data-raofz=\"13\">Mesmo com as dificuldades relativas ao isolamento social, por conta da pandemia da Covid-19, o pr\u00eamio conseguiu reunir 634 iniciativas e, aquelas que preencheram todos os requisitos exigidos pelo regulamento v\u00e3o, nesta pr\u00f3xima etapa, ter o seu coordenador entrevistado por um consultor do Innovare.<\/span><\/p>\n<p style=\"text-align: justify;\" data-raofz=\"14\"><span style=\"font-size: 14pt;\" data-raofz=\"13\">Para o procurador-geral de Justi\u00e7a de Alagoas, M\u00e1rcio Roberto Ten\u00f3rio de Albuquerque, ter um projeto do MPAL selecionado para esse pr\u00eamio \u00e9 motivo de orgulho para a institui\u00e7\u00e3o. \u201cDesde 2004 o Pr\u00eamio Innovare consagra aquelas boas pr\u00e1ticas criadas por profissionais da \u00e1rea jur\u00eddica para tornar a justi\u00e7a mais \u00e1gil e acess\u00edvel \u00e0 popula\u00e7\u00e3o. E o Direitos Humanos em Pauta tem bem esse compromisso, levando a\u00e7\u00f5es de cidadania e de Direito a jovens que s\u00e3o capacitados sobre o sistema da Justi\u00e7a no Brasil. Estamos felizes e orgulhosos\u201d, declarou o chefe do Minist\u00e9rio P\u00fablico do Estado de Alagoas.<\/span><\/p>\n<p style=\"text-align: justify;\" data-raofz=\"14\"><span style=\"font-size: 14pt;\" data-raofz=\"13\">A coordenadora do projeto, promotora de Justi\u00e7a Marluce Falc\u00e3o, tamb\u00e9m falou da alegria em saber que o DH em Pauta foi selecionado: \u201cFoi com grande emo\u00e7\u00e3o que toda equipe do projeto Diretos Humanos em Pauta recebeu a not\u00edcia de ter sido selecionado para a edi\u00e7\u00e3o do 18o Pr\u00eamio Innovare, na categoria Minist\u00e9rio P\u00fablico.<\/span><br \/>\n<span style=\"font-size: 14pt;\" data-raofz=\"13\">Com as a\u00e7\u00f5es de cidadania, na defesa da cultura dos direitos humanos e tendo como pauta o respeito \u00e0 diversidade e \u00e0 igualdade, a nossa iniciativa esteve em dezenas de munic\u00edpios alagoanos, alcan\u00e7ando mais de 16 mil pessoas e conseguindo a ades\u00e3o de 149 membros do MPAL e mais 84 apoiadores externos. E isso sempre com a inten\u00e7\u00e3o maior de levar no\u00e7\u00f5es de cidadania plena ao povo datas terra\u201d, afirmou ela.<\/span><\/p>\n<p style=\"text-align: justify;\" data-raofz=\"14\"><span style=\"font-size: 14pt;\"><strong>O projeto DH em Pauta<\/strong><\/span><\/p>\n<p style=\"text-align: justify;\" data-raofz=\"14\"><span style=\"font-size: 14pt;\" data-raofz=\"13\">Fortalecer a cultura de defesa dos direitos humanos no estado de Alagoas e aproximar o Minist\u00e9rio P\u00fablico de Alagoas da sociedade, bem como apresentar a import\u00e2ncia da atua\u00e7\u00e3o dos procuradores e promotores de Justi\u00e7a na defesa e efetiva\u00e7\u00e3o dos direitos fundamentais do cidad\u00e3o, construindo um MP mais resolutivo e pr\u00f3-ativo: esses s\u00e3o os principais objetivos do projeto Direitos Humanos em Pauta.<\/span><\/p>\n<p style=\"text-align: justify;\" data-raofz=\"14\"><span style=\"font-size: 14pt;\" data-raofz=\"13\">Durante a sua execu\u00e7\u00e3o, acontecem a\u00e7\u00f5es de cidadania plena, conscientizando a sociedade sobre direitos fundamentais, com a atua\u00e7\u00e3o direta de promotores de Justi\u00e7a junto as comunidades.<\/span><\/p>\n<p style=\"text-align: justify;\" data-raofz=\"14\"><span style=\"font-size: 14pt;\" data-raofz=\"13\">Tamb\u00e9m ocorrem atividades de inclus\u00e3o da pessoa idosa e que tratam da igualdade racial, al\u00e9m, claro, De a\u00e7\u00f5es em defesa da cultura dos direitos humanos.<\/span><\/p>\n<p style=\"text-align: justify;\" data-raofz=\"14\"><span style=\"font-size: 14pt;\"><strong>O Innovare<\/strong><\/span><\/p>\n<p style=\"text-align: justify;\" data-raofz=\"14\"><span style=\"font-size: 14pt;\" data-raofz=\"13\">Desde sua cria\u00e7\u00e3o, em 2004, o Pr\u00eamio Innovare vem trabalhando para identificar e colocar em evid\u00eancia iniciativas que trazem inova\u00e7\u00f5es e contribuem para o aprimoramento da justi\u00e7a. Ao todo, j\u00e1 foram premiadas 240 pr\u00e1ticas, entre mais de 7 mil trabalhos, em diferentes \u00e1reas da atua\u00e7\u00e3o jur\u00eddica. Todas as iniciativas selecionadas s\u00e3o inclu\u00eddas no Banco de Pr\u00e1ticas do Innovare. Elas podem ser consultadas gratuitamente no site\u00a0www.premioinnovare.com.br,\u00a0atrav\u00e9s de buscas por palavra-chave, edi\u00e7\u00e3o e categoria em que foram inscritas, local de origem e status (premiada, homenageada ou deferida).<\/span><\/p>\n<p style=\"text-align: justify;\" data-raofz=\"14\"><span style=\"font-size: 14pt;\" data-raofz=\"13\">O Pr\u00eamio conta com o apoio de institui\u00e7\u00f5es parceiras que colaboram para a credibilidade e prest\u00edgio da premia\u00e7\u00e3o. Entre elas est\u00e3o a Associa\u00e7\u00e3o dos Magistrados Brasileiros (AMB),\u00a0Associa\u00e7\u00e3o Nacional dos Membros do Minist\u00e9rio P\u00fablico (Conamp), Associa\u00e7\u00e3o Nacional das Defensoras e Defensores P\u00fablicos (Anadep),\u00a0 Associa\u00e7\u00e3o dos Ju\u00edzes Federais (Ajufe),\u00a0Conselho Federal da OAB,\u00a0Associa\u00e7\u00e3o Nacional dos Procuradores de Rep\u00fablica (ANPR), Associa\u00e7\u00e3o Nacional dos Magistrados da Justi\u00e7a do Trabalho (Anamatra), conselho Nacional de Justi\u00e7a (CNJ) e a\u00a0Secretaria Nacional de Justi\u00e7a do Minist\u00e9rio da Justi\u00e7a\u00a0e Seguran\u00e7a P\u00fablica, com o apoio do\u00a0Grupo Globo.<\/span><\/p>\n<p style=\"text-align: justify;\" data-raofz=\"14\"><span style=\"font-size: 14pt;\" data-raofz=\"13\">Al\u00e9m das categorias tradicionais, Tribunal, Juiz, Minist\u00e9rio P\u00fablico, Defensoria P\u00fablica, Advocacia e Justi\u00e7a e Cidadania, este ano tamb\u00e9m disputar\u00e3o o Innovare duas pr\u00e1ticas indicadas pelo Conselho Nacional da Justi\u00e7a (CNJ), na categoria CNJ\/Tecnologia. Ser\u00e1 premiada, ainda, uma iniciativa que tenha como objetivo promover a Defesa da Igualdade e a Diversidade, tema escolhido pela Diretoria do Innovare para o Pr\u00eamio Destaque do Innovare, em 2021.<\/span><\/p>\n","protected":false},"excerpt":{"rendered":"<p> [&hellip;]<\/p>\n","protected":false},"author":1,"featured_media":10175,"comment_status":"open","ping_status":"open","sticky":false,"template":"","format":"standard","meta":{"om_disable_all_campaigns":false,"_monsterinsights_skip_tracking":false,"_monsterinsights_sitenote_active":false,"_monsterinsights_sitenote_note":"","_monsterinsights_sitenote_category":0,"_uf_show_specific_survey":0,"_uf_disable_surveys":false,"footnotes":""},"categories":[2],"tags":[],"class_list":["post-10174","post","type-post","status-publish","format-standard","has-post-thumbnail","hentry","category-not_mpal"],"aioseo_notices":[],"_links":{"self":[{"href":"https:\/\/www.mpal.mp.br\/index.php?rest_route=\/wp\/v2\/posts\/10174","targetHints":{"allow":["GET"]}}],"collection":[{"href":"https:\/\/www.mpal.mp.br\/index.php?rest_route=\/wp\/v2\/posts"}],"about":[{"href":"https:\/\/www.mpal.mp.br\/index.php?rest_route=\/wp\/v2\/types\/post"}],"author":[{"embeddable":true,"href":"https:\/\/www.mpal.mp.br\/index.php?rest_route=\/wp\/v2\/users\/1"}],"replies":[{"embeddable":true,"href":"https:\/\/www.mpal.mp.br\/index.php?rest_route=%2Fwp%2Fv2%2Fcomments&post=10174"}],"version-history":[{"count":1,"href":"https:\/\/www.mpal.mp.br\/index.php?rest_route=\/wp\/v2\/posts\/10174\/revisions"}],"predecessor-version":[{"id":10176,"href":"https:\/\/www.mpal.mp.br\/index.php?rest_route=\/wp\/v2\/posts\/10174\/revisions\/10176"}],"wp:featuredmedia":[{"embeddable":true,"href":"https:\/\/www.mpal.mp.br\/index.php?rest_route=\/wp\/v2\/media\/10175"}],"wp:attachment":[{"href":"https:\/\/www.mpal.mp.br\/index.php?rest_route=%2Fwp%2Fv2%2Fmedia&parent=10174"}],"wp:term":[{"taxonomy":"category","embeddable":true,"href":"https:\/\/www.mpal.mp.br\/index.php?rest_route=%2Fwp%2Fv2%2Fcategories&post=10174"},{"taxonomy":"post_tag","embeddable":true,"href":"https:\/\/www.mpal.mp.br\/index.php?rest_route=%2Fwp%2Fv2%2Ftags&post=10174"}],"curies":[{"name":"wp","href":"https:\/\/api.w.org\/{rel}","templated":true}]}}