{"id":10136,"date":"2014-02-11T08:41:16","date_gmt":"2014-02-11T10:41:16","guid":{"rendered":"https:\/\/www.mpal.mp.br\/?p=10136"},"modified":"2022-06-21T08:44:17","modified_gmt":"2022-06-21T11:44:17","slug":"atuacao-social-da-7a-promotoria-de-arapiraca-ajuda-a-dar-mais-dignidade-a-idosos-do-agreste-alagoano","status":"publish","type":"post","link":"https:\/\/www.mpal.mp.br\/?p=10136","title":{"rendered":"Atua\u00e7\u00e3o social da 7\u00aa Promotoria de Arapiraca ajuda a dar mais dignidade a idosos do Agreste alagoano"},"content":{"rendered":"<p style=\"text-align: justify;\"><span style=\"font-size: 14pt;\">\u201cEu estava trabalhando quando recebi a den\u00fancia que uma senhora de mais de 70 anos estava sendo mantida em c\u00e1rcere privado dentro de sua pr\u00f3pria casa. Apesar de n\u00e3o ser minha atribui\u00e7\u00e3o, desloquei-me imediatamente at\u00e9 o local. De fato, a idosa estava numa situa\u00e7\u00e3o de completa falta de higiene e parecia estar mal alimentada. Descobri, no mesmo momento, que aquela realidade n\u00e3o fora provocada t\u00e3o somente por maldade, a filha, respons\u00e1vel por cuidar da m\u00e3e, sofria de problemas mentais. Naquele instante acionei a Prefeitura, providenciamos roupas novas, alimenta\u00e7\u00e3o, abrigo provis\u00f3rio e todos os cuidados foram destinados \u00e0s duas. Voltei para o Minist\u00e9rio P\u00fablico mais aliviado e com a sensa\u00e7\u00e3o de que acabara de fazer o bem\u201d. Esse caso foi contado pelo promotor de Justi\u00e7a Valter Jos\u00e9 de Omena Acioly, titular da 7\u00aa Promotoria de Justi\u00e7a de Arapiraca, que atua na defesa dos interesses difusos, coletivos e individuais homog\u00eaneos relativos ao idoso e a pessoa com necessidades especiais.<\/span><\/p>\n<p style=\"text-align: justify;\"><span style=\"font-size: 14pt;\">Ao longo de 30 anos dentro da carreira do Minist\u00e9rio P\u00fablico Estadual de Alagoas, Valter Acioly j\u00e1 atuou em diversas \u00e1reas que precisam da interven\u00e7\u00e3o de um promotor de Justi\u00e7a, a exemplo da Inf\u00e2ncia e Juventude, mas, foi lidando com as demandas que envolvem idosos em situa\u00e7\u00e3o de risco que ele encontrou a maior realiza\u00e7\u00e3o profissional.<\/span><\/p>\n<p style=\"text-align: justify;\"><span style=\"font-size: 14pt;\">\u201cA proposta de se prolongar a vida das pessoas \u00e9 coerente desde que seja consolidada com a promessa de desfrutar melhor qualidade de vida neste per\u00edodo de sobrevida que cada indiv\u00edduo tem. Por\u00e9m, \u00e9 comum vermos cidad\u00e3os da melhor idade serem v\u00edtimas de rejei\u00e7\u00e3o, desrespeito e exclus\u00e3o social e s\u00e3o justamente esses comportamentos que queremos evitar. Estudos recentes mostram que os idosos n\u00e3o perdem sua capacidade funcional se preparados com atividades f\u00edsicas e mentais. Ent\u00e3o, trabalhamos para que as fam\u00edlias percebam que eles n\u00e3o necessitam somente de for\u00e7a, equil\u00edbrio, resist\u00eancia e destreza, mas, especialmente, de carinho, aten\u00e7\u00e3o, cuidados, lazer e contato social, auto-estima. \u00c9 nesse sentindo que tentamos atuar aqui na 7\u00aa Promotoria\u201d, explicou Valter Acioly.<\/span><\/p>\n<p style=\"text-align: justify;\"><span style=\"font-size: 14pt;\"><strong>MPE\/AL atua em parceria com a Prefeitura<\/strong><\/span><\/p>\n<p style=\"text-align: justify;\"><span style=\"font-size: 14pt;\">Buscando fugir daquele perfil cl\u00e1ssico do Minist\u00e9rio P\u00fablico demandista, a 7\u00aa Promotoria de Justi\u00e7a de Arapiraca est\u00e1 desenhando um MPE\/AL que consegue, extrajudicialmente, resolver conflitos e atender \u00e0s necessidades da coletividade. Assim, ao inv\u00e9s de fazer a propositura de a\u00e7\u00f5es contra os poderes p\u00fablicos e familiares que negligenciam os cuidados com parentes de mais idade, Valter Acioly buscar parcerias para solucionar os problemas encontrados no seu dia a dia de trabalho.<\/span><\/p>\n<p style=\"text-align: justify;\"><span style=\"font-size: 14pt;\"><em>\u201cMantemos contatos quase que diariamente com os Centros de Refer\u00eancia de Assist\u00eancia Social (Cras), os Centro de Refer\u00eancia Especializado de Assist\u00eancia Social\u00a0<\/em>(<em>Creas<\/em>) e as Secretarias Municipais de Sa\u00fade para que, juntos, possamos encontrar alternativas para transformar as vidas de pessoas que est\u00e3o sendo maltratadas, geralmente, dentro de suas pr\u00f3prias resid\u00eancias. E, gra\u00e7as a esse novo trabalho de sensibiliza\u00e7\u00e3o, conseguimos oferecer mais dignidade para muita gente\u201d, comemora o promotor.<\/span><\/p>\n<p style=\"text-align: justify;\"><span style=\"font-size: 14pt;\">E se h\u00e1 esse trabalho em busca de ajuda de \u00f3rg\u00e3os que possam ser parceiros, \u00e9 porque existe demanda. Somente nos primeiros sete meses de 2013, a 7\u00aa Promotoria de Justi\u00e7a de Arapiraca realizou mais de 400 atendimentos. \u201cS\u00e3o den\u00fancias que nos chegam atrav\u00e9s de queixas presenciais, liga\u00e7\u00f5es de vizinhos e at\u00e9 mesmo por meio do Disk 100 e d\u00e3o conta de idosos que sofrem maus tratos, s\u00e3o mantidos em c\u00e1rcere privado e abusados economicamente pelos filhos, que est\u00e3o em situa\u00e7\u00e3o de abandono no interior de um im\u00f3vel ou que vivem nas ruas. A depender do caso, a gente faz o encaminhamento adequado. O acionamento das Secretarias Municipais de Assist\u00eancia Social e de Sa\u00fade s\u00e3o os mais comuns\u201d, detalhou Valter Acioly.<\/span><\/p>\n<p style=\"text-align: justify;\"><span style=\"font-size: 14pt;\">\u201cO nosso trabalho \u00e9 no sentindo de acolher essas v\u00edtimas, que, muitas vezes, n\u00e3o possuem mais nem os documentos pessoais. Ent\u00e3o, vem a necessidade de se providenciar identidade, CPF etc. Em outras situa\u00e7\u00f5es, conseguimos intermediar um acordo com os familiares para que esses idosos passem a viver em abrigos e, as aposentadorias deles, voltem ao seu poder. Junto ao programa Estrat\u00e9gia de Sa\u00fade da Fam\u00edlia (antigo PSF) sempre estamos pleiteando m\u00e9dicos e enfermeiros para visitar os pacientes que tiveram doen\u00e7as detectadas e, com os\u00a0<em>Cras e os Creas, a equipe multidisciplinar com assistentes sociais e psic\u00f3logos. Tentamos, ao m\u00e1ximo, cercar de cuidados essas pessoas que precisam tanto de n\u00f3s\u201d, revelou o promotor de Justi\u00e7a.<\/em><\/span><\/p>\n<p style=\"text-align: justify;\"><span style=\"font-size: 14pt;\"><em><strong>Amor \u00e0 causa ajudou na cria\u00e7\u00e3o de abrigo em Arapiraca<\/strong><\/em><\/span><\/p>\n<p style=\"text-align: justify;\"><span style=\"font-size: 14pt;\"><em>H\u00e1 pouco mais de um ano \u00e0 frente da 7\u00aa Promotoria de Justi\u00e7a de Arapiraca, Valter Acioly, que desde 1999 ajudou a criar a Funda\u00e7\u00e3o Ant\u00f4nio Jorge da Silva, que j\u00e1 cuidou de crian\u00e7as e adolescentes com depend\u00eancia qu\u00edmica, agora, tamb\u00e9m atua, atrav\u00e9s de trabalho volunt\u00e1rio, na mesma institui\u00e7\u00e3o, para cuidar de pessoas na melhor idade. \u201cDesenvolvi um amor por eles que me move, diariamente, a ser um indiv\u00edduo melhor. Dou parte do meu tempo \u00e0 entidade que, \u00e9 importante informar, tem m\u00e9dicos, enfermeiros, psic\u00f3logos, assistentes sociais e cuidadores de idosos. Al\u00e9m dessa assist\u00eancia, eles tamb\u00e9m possuem momentos de lazer\u201d, acrescentou ele.<\/em><\/span><\/p>\n<p style=\"text-align: justify;\"><span style=\"font-size: 14pt;\"><em>Esse mesmo trabalho do Minist\u00e9rio P\u00fablico tamb\u00e9m se estende a outras institui\u00e7\u00f5es que cuidam de idosos. A Associa\u00e7\u00e3o de Assist\u00eancia S\u00e3o Vicente de Paulo e a Casa dos Velhinhos recebem visitas mensais da Promotoria de Justi\u00e7a. \u201cProcuramos saber se os internos est\u00e3o sendo bem tratados, se a equipe de profissionais atende as exig\u00eancias estabelecidas na legisla\u00e7\u00e3o, se a estrutura f\u00edsica dos pr\u00e9dios oferece seguran\u00e7a, dentre outros requisitos. E, claro, nunca desistimos da ressurrei\u00e7\u00e3o familiar. Os contatos n\u00e3o deixam de ser estabelecidos com os parentes.\u201d, detalhou.<\/em><\/span><\/p>\n<p style=\"text-align: justify;\"><span style=\"font-size: 14pt;\"><em>\u201cN\u00f3s\u00a0<\/em>n\u00e3o queremos que o idoso viva uma velhice empobrecida e desvalorizada. \u00c9 por isso que o Minist\u00e9rio P\u00fablico Estadual de Alagoas trabalha para assegura os direitos fundamentais aos cidad\u00e3os a partir dessa faixa et\u00e1ria. Defendemos oportunidades e facilidades para conserva\u00e7\u00e3o da sa\u00fade f\u00edsica e mental e garantias para o aperfei\u00e7oamento moral, intelectual, espiritual e social em condi\u00e7\u00f5es de liberdade e dignidade. Nosso esfor\u00e7o tamb\u00e9m \u00e9 no sentindo de fazer com que a fam\u00edlia, a comunidade, a sociedade e o Poder P\u00fablico assegurarem ao idoso, com absoluta prioridade, o direito \u00e0 vida, \u00e0 sa\u00fade, \u00e0 alimenta\u00e7\u00e3o, \u00e0 cultura, ao esporte e lazer, ao trabalho, \u00e0 cidadania, ao respeito e a conviv\u00eancia familiar e comunit\u00e1ria. Procuro agir assim porque sei que um dia tamb\u00e9m serei velhinho e, eu s\u00f3 dou ao outro, aquilo que tamb\u00e9m quero para mim. Por isso pe\u00e7o que cada um d\u00ea a sua pequena parcela de contribui\u00e7\u00e3o nesse processo de resgate de valores. Se cada um de n\u00f3s fizer o pouco que nos cabe, j\u00e1 ser\u00e1 o bastante para vivermos com a garantia de um futuro melhor. O envelhecimento \u00e9 um direito personal\u00edssimo e a sua prote\u00e7\u00e3o \u00e9 uma obriga\u00e7\u00e3o social\u201d, defendeu o promotor de Justi\u00e7a Valter Acioly.<\/span><\/p>\n","protected":false},"excerpt":{"rendered":"<p> [&hellip;]<\/p>\n","protected":false},"author":4,"featured_media":10137,"comment_status":"open","ping_status":"open","sticky":false,"template":"","format":"standard","meta":{"om_disable_all_campaigns":false,"_monsterinsights_skip_tracking":false,"_monsterinsights_sitenote_active":false,"_monsterinsights_sitenote_note":"","_monsterinsights_sitenote_category":0,"_uf_show_specific_survey":0,"_uf_disable_surveys":false,"footnotes":""},"categories":[2],"tags":[],"class_list":["post-10136","post","type-post","status-publish","format-standard","has-post-thumbnail","hentry","category-not_mpal"],"aioseo_notices":[],"_links":{"self":[{"href":"https:\/\/www.mpal.mp.br\/index.php?rest_route=\/wp\/v2\/posts\/10136","targetHints":{"allow":["GET"]}}],"collection":[{"href":"https:\/\/www.mpal.mp.br\/index.php?rest_route=\/wp\/v2\/posts"}],"about":[{"href":"https:\/\/www.mpal.mp.br\/index.php?rest_route=\/wp\/v2\/types\/post"}],"author":[{"embeddable":true,"href":"https:\/\/www.mpal.mp.br\/index.php?rest_route=\/wp\/v2\/users\/4"}],"replies":[{"embeddable":true,"href":"https:\/\/www.mpal.mp.br\/index.php?rest_route=%2Fwp%2Fv2%2Fcomments&post=10136"}],"version-history":[{"count":1,"href":"https:\/\/www.mpal.mp.br\/index.php?rest_route=\/wp\/v2\/posts\/10136\/revisions"}],"predecessor-version":[{"id":10138,"href":"https:\/\/www.mpal.mp.br\/index.php?rest_route=\/wp\/v2\/posts\/10136\/revisions\/10138"}],"wp:featuredmedia":[{"embeddable":true,"href":"https:\/\/www.mpal.mp.br\/index.php?rest_route=\/wp\/v2\/media\/10137"}],"wp:attachment":[{"href":"https:\/\/www.mpal.mp.br\/index.php?rest_route=%2Fwp%2Fv2%2Fmedia&parent=10136"}],"wp:term":[{"taxonomy":"category","embeddable":true,"href":"https:\/\/www.mpal.mp.br\/index.php?rest_route=%2Fwp%2Fv2%2Fcategories&post=10136"},{"taxonomy":"post_tag","embeddable":true,"href":"https:\/\/www.mpal.mp.br\/index.php?rest_route=%2Fwp%2Fv2%2Ftags&post=10136"}],"curies":[{"name":"wp","href":"https:\/\/api.w.org\/{rel}","templated":true}]}}