{"id":10133,"date":"2016-05-09T08:38:07","date_gmt":"2016-05-09T11:38:07","guid":{"rendered":"https:\/\/www.mpal.mp.br\/?p=10133"},"modified":"2022-06-21T08:38:48","modified_gmt":"2022-06-21T11:38:48","slug":"promotorias-de-justica-dos-direitos-humanos-e-do-controle-externo-da-atividade-policial-recomendam-medidas-para-coibir-linchamento-na-capital","status":"publish","type":"post","link":"https:\/\/www.mpal.mp.br\/?p=10133","title":{"rendered":"Promotorias de Justi\u00e7a dos Direitos Humanos e do Controle Externo da Atividade Policial recomendam medidas para coibir \u201clinchamento\u201d na Capital"},"content":{"rendered":"<p style=\"text-align: justify;\"><span style=\"font-size: 14pt;\">Para coibir a pr\u00e1tica de linchamento, que se tornou rotineira em Macei\u00f3, as 61\u00aa e 62\u00aa Promotorias de Justi\u00e7a da Capital (Direitos Humanos e Controle Externo da Atividade Policial, respectivamente) recomendaram \u00e0 Secretaria de Estado de Seguran\u00e7a P\u00fablica e Pol\u00edcia Civil medidas de controle e combate \u00e0 viol\u00eancia tamb\u00e9m conhecida como justi\u00e7amento. O Minist\u00e9rio P\u00fablico do Estado de Alagoas (MPE\/AL) quer que os autores do delito sejam investigados e punidos, caso se identifique a responsabilidades pelo ato.<\/span><\/p>\n<p style=\"text-align: justify;\"><span style=\"font-size: 14pt;\">Na recomenda\u00e7\u00e3o, o MPE\/AL considerou o apelo da Comiss\u00e3o de Direitos Humanos da Ordem dos Advogados do Brasil, seccional Alagoas (OAB\/AL), que, al\u00e9m de denunciar os epis\u00f3dios de linchamento, alerta para a \u201cinvisibilidade\u201d da pr\u00e1tica. Segundo a OAB\/AL, quando o justi\u00e7amento n\u00e3o \u00e9 investigado com afinco, ele se perde no tempo, e os respons\u00e1veis deixam de responder pela viol\u00eancia, tornando-a banal, corriqueira e \u201cnormal\u201d para a popula\u00e7\u00e3o.<\/span><\/p>\n<p style=\"text-align: justify;\"><span style=\"font-size: 14pt;\">Nesse sentido, o MPE\/AL recomenda \u00e0 autoridade policial que, diante de um suposto caso de linchamento cometido por populares, proceda \u00e0 devida instaura\u00e7\u00e3o do respectivo inqu\u00e9rito policial ou termo circunstanciado de ocorr\u00eancia, conforme prev\u00ea o C\u00f3digo de Processo Penal e a Lei n\u00ba 9.099\/95. O \u00f3rg\u00e3o ministerial pede a ado\u00e7\u00e3o imediata das provid\u00eancias necess\u00e1rias para a identifica\u00e7\u00e3o das pessoas envolvidas e na apura\u00e7\u00e3o do caso, solicitando tamb\u00e9m de imediato filmagens do epis\u00f3dio, em virtude do prazo de armazenamento delas.<\/span><\/p>\n<p style=\"text-align: justify;\"><span style=\"font-size: 14pt;\">\u201c\u00c9 preciso lembrar que muitos dos &#8216;justi\u00e7ados&#8217; e &#8216;linchados&#8217; podem at\u00e9 ser inocentes, pois a Constitui\u00e7\u00e3o P\u00e1tria diz que ningu\u00e9m \u00e9 culpado at\u00e9 o tr\u00e2nsito em julgado. E mais: ainda que sejam culpados, seus atos n\u00e3o justificam a pr\u00e1tica de viol\u00eancia contra sua pessoa, por meio da &#8216;Justi\u00e7a Privada&#8217;\u201d, destacou o promotor de Justi\u00e7a Fl\u00e1vio Gomes da Costa Neto.<\/span><\/p>\n<p style=\"text-align: justify;\"><span style=\"font-size: 14pt;\"><strong>Comunica\u00e7\u00e3o e estat\u00edstica<\/strong><\/span><\/p>\n<p style=\"text-align: justify;\"><span style=\"font-size: 14pt;\">A Pol\u00edcia Civil dever\u00e1 comunicar \u00e0s 61\u00aa e 62\u00aa Promotorias de Justi\u00e7a sobre o cometimento do fato no prazo de cinco dias. Tal comunica\u00e7\u00e3o dever\u00e1 ser acompanhada da portaria de instaura\u00e7\u00e3o de inqu\u00e9rito policial ou termo circunstanciado de ocorr\u00eancia sobre o epis\u00f3dio, bem como de documenta\u00e7\u00e3o comprobat\u00f3ria, a exemplo de laudos e exames de corpo de delito das v\u00edtimas de agress\u00f5es ou mesmo o cadav\u00e9rico quando o justi\u00e7amento resultar em morte.<\/span><\/p>\n<p style=\"text-align: justify;\"><span style=\"font-size: 14pt;\">O MPE\/AL recomenda tamb\u00e9m que os crimes de linchamentos constem nos relat\u00f3rios consolidados de criminalidade que s\u00e3o divulgados pela Secretaria de Estado de Seguran\u00e7a P\u00fablica. O objetivo do \u00f3rg\u00e3o ministerial \u00e9 que a informa\u00e7\u00e3o possa auxiliar tanto o trabalho da Promotoria de Justi\u00e7a de Direitos Humanos quanto a de Controle Externo da Atividade Policial. Segundo o promotor Fl\u00e1vio Costa, os dados ajudar\u00e3o ainda a sociedade civil organizar a fiscalizar a pr\u00e1tica, a partir da elabora\u00e7\u00e3o de um quadro estat\u00edstico dessa viol\u00eancia.<\/span><\/p>\n<p style=\"text-align: justify;\"><span style=\"font-size: 14pt;\">De acordo com pesquisa realizada pelo N\u00facleo de Estudos da Viol\u00eancia (NEV) da Universidade de S\u00e3o Paulo, as motiva\u00e7\u00f5es que conduzem \u00e0 intoler\u00e2ncia e aos linchamentos s\u00e3o variadas. No entanto, sabe-se que ela pode ocorrer, principalmente, por tr\u00eas motivos: crimes contra a vida, como casos de homic\u00eddios e latroc\u00ednio; crime contra o patrim\u00f4nio; e crime contra os costumes, que s\u00e3o as ocorr\u00eancias de estupro.<\/span><\/p>\n","protected":false},"excerpt":{"rendered":"<p> [&hellip;]<\/p>\n","protected":false},"author":5,"featured_media":10130,"comment_status":"open","ping_status":"open","sticky":false,"template":"","format":"standard","meta":{"om_disable_all_campaigns":false,"_monsterinsights_skip_tracking":false,"_monsterinsights_sitenote_active":false,"_monsterinsights_sitenote_note":"","_monsterinsights_sitenote_category":0,"_uf_show_specific_survey":0,"_uf_disable_surveys":false,"footnotes":""},"categories":[2],"tags":[],"class_list":["post-10133","post","type-post","status-publish","format-standard","has-post-thumbnail","hentry","category-not_mpal"],"aioseo_notices":[],"_links":{"self":[{"href":"https:\/\/www.mpal.mp.br\/index.php?rest_route=\/wp\/v2\/posts\/10133","targetHints":{"allow":["GET"]}}],"collection":[{"href":"https:\/\/www.mpal.mp.br\/index.php?rest_route=\/wp\/v2\/posts"}],"about":[{"href":"https:\/\/www.mpal.mp.br\/index.php?rest_route=\/wp\/v2\/types\/post"}],"author":[{"embeddable":true,"href":"https:\/\/www.mpal.mp.br\/index.php?rest_route=\/wp\/v2\/users\/5"}],"replies":[{"embeddable":true,"href":"https:\/\/www.mpal.mp.br\/index.php?rest_route=%2Fwp%2Fv2%2Fcomments&post=10133"}],"version-history":[{"count":1,"href":"https:\/\/www.mpal.mp.br\/index.php?rest_route=\/wp\/v2\/posts\/10133\/revisions"}],"predecessor-version":[{"id":10135,"href":"https:\/\/www.mpal.mp.br\/index.php?rest_route=\/wp\/v2\/posts\/10133\/revisions\/10135"}],"wp:featuredmedia":[{"embeddable":true,"href":"https:\/\/www.mpal.mp.br\/index.php?rest_route=\/wp\/v2\/media\/10130"}],"wp:attachment":[{"href":"https:\/\/www.mpal.mp.br\/index.php?rest_route=%2Fwp%2Fv2%2Fmedia&parent=10133"}],"wp:term":[{"taxonomy":"category","embeddable":true,"href":"https:\/\/www.mpal.mp.br\/index.php?rest_route=%2Fwp%2Fv2%2Fcategories&post=10133"},{"taxonomy":"post_tag","embeddable":true,"href":"https:\/\/www.mpal.mp.br\/index.php?rest_route=%2Fwp%2Fv2%2Ftags&post=10133"}],"curies":[{"name":"wp","href":"https:\/\/api.w.org\/{rel}","templated":true}]}}