{"id":10106,"date":"2021-06-29T09:03:53","date_gmt":"2021-06-29T12:03:53","guid":{"rendered":"https:\/\/www.mpal.mp.br\/?p=10106"},"modified":"2022-06-21T09:04:40","modified_gmt":"2022-06-21T12:04:40","slug":"infancia-e-juventude-mps-de-al-e-rn-conselhos-estaduais-e-proinfancia-discutem-de-julho-a-novembro-o-fortalecimento-de-politicas-publicas","status":"publish","type":"post","link":"https:\/\/www.mpal.mp.br\/?p=10106","title":{"rendered":"Inf\u00e2ncia e Juventude: MP\u2019s de AL e RN, Conselhos estaduais e Proinf\u00e2ncia discutem de julho a novembro o fortalecimento de pol\u00edticas p\u00fablicas"},"content":{"rendered":"<p style=\"text-align: justify;\" align=\"justify\" data-raofz=\"14\"><span style=\"font-size: 14pt;\">\u00c9 preciso discutir sobre o fortalecimento das pol\u00edticas p\u00fablicas voltadas para as crian\u00e7as e adolescentes, evitando que seus direitos sejam violados ou amea\u00e7ados de viola\u00e7\u00e3o. Pensando nisso, os Minist\u00e9rios P\u00fablicos de AL e RN \u2013 atrav\u00e9s dos Centros de Apoio Operacional, Conselhos Estaduais dos Direitos e o F\u00f3rum Nacional Proinf\u00e2ncia- se unem em prol desse p\u00fablico t\u00e3o indefeso e que necessita que lhes garantam a cidadania, promovendo de 13 de julho at\u00e9 9 de novembro de 2021, uma forma\u00e7\u00e3o continuada, virtualmente, \u00e0s ter\u00e7as-feiras, a partir das 19h30, com transmiss\u00e3o pelo You Tube, atrav\u00e9s do CANAL PROTE\u00c7\u00c3O INTEGRAL.<\/span><\/p>\n<p style=\"text-align: justify;\" data-raofz=\"14\"><span style=\"font-size: 14pt;\">O evento deu in\u00edcio as inscri\u00e7\u00f5es no dia 28 de junho e, em menos de 48 horas, j\u00e1 conta com 1000 inscritos, contando com a participa\u00e7\u00e3o de operadores do Sistema de Garantia de Direitos de diversos estados da Federa\u00e7\u00e3o.<\/span><\/p>\n<p style=\"text-align: justify;\" data-raofz=\"14\"><span style=\"font-size: 14pt;\">O slogan principal e que servir\u00e1 de base para as discuss\u00f5es nos encontros \u00e9 \u201cConselhos dos Direitos da Crian\u00e7a e do Adolescente: Uma Atua\u00e7\u00e3o para o Fortalecimento das Pol\u00edticas P\u00fablicas\u201d e ter\u00e1 como palestrantes profissionais de diversas \u00e1reas da ci\u00eancia, todos com larga e significativa experi\u00eancia na luta pelos direitos infanto- juvenil e desenvolvem trabalho important\u00edssimo em seus estados.<\/span><\/p>\n<p style=\"text-align: justify;\" data-raofz=\"14\"><span style=\"font-size: 14pt;\">Buscando maior intera\u00e7\u00e3o, vista a sua signific\u00e2ncia, as inscri\u00e7\u00f5es est\u00e3o disponibilizadas para membros dos Conselheiros Municipais dos Direitos da Crian\u00e7a e do Adolescente, Conselheiros Estaduais dos Direitos da Crian\u00e7a e do Adolescente, Conselheiros Tutelares, Integrantes dos Minist\u00e9rios P\u00fablicos Estaduais e MPDFT (Servidores, Promotores e Procuradores de Justi\u00e7a), Integrantes do Minist\u00e9rio P\u00fablico Federal, Integrantes do Poder Judici\u00e1rio, Integrantes do Minist\u00e9rio P\u00fablico do Trabalho, Integrantes da Defensoria P\u00fablica, Profissionais da Assist\u00eancia Social, Profissionais de Sa\u00fade e da Educa\u00e7\u00e3o e outros interessados, tudo gratuitamente. Para participar basta acessar : https:\/\/doity.com.br\/formacao-continuada-para-os-agentes-do-sistema-de-garantia-de-direitos-sgd-da-infancia-e-juventude.<\/span><\/p>\n","protected":false},"excerpt":{"rendered":"<p> [&hellip;]<\/p>\n","protected":false},"author":1,"featured_media":10166,"comment_status":"open","ping_status":"open","sticky":false,"template":"","format":"standard","meta":{"om_disable_all_campaigns":false,"_monsterinsights_skip_tracking":false,"_monsterinsights_sitenote_active":false,"_monsterinsights_sitenote_note":"","_monsterinsights_sitenote_category":0,"_uf_show_specific_survey":0,"_uf_disable_surveys":false,"footnotes":""},"categories":[2],"tags":[],"class_list":["post-10106","post","type-post","status-publish","format-standard","has-post-thumbnail","hentry","category-not_mpal"],"aioseo_notices":[],"_links":{"self":[{"href":"https:\/\/www.mpal.mp.br\/index.php?rest_route=\/wp\/v2\/posts\/10106","targetHints":{"allow":["GET"]}}],"collection":[{"href":"https:\/\/www.mpal.mp.br\/index.php?rest_route=\/wp\/v2\/posts"}],"about":[{"href":"https:\/\/www.mpal.mp.br\/index.php?rest_route=\/wp\/v2\/types\/post"}],"author":[{"embeddable":true,"href":"https:\/\/www.mpal.mp.br\/index.php?rest_route=\/wp\/v2\/users\/1"}],"replies":[{"embeddable":true,"href":"https:\/\/www.mpal.mp.br\/index.php?rest_route=%2Fwp%2Fv2%2Fcomments&post=10106"}],"version-history":[{"count":1,"href":"https:\/\/www.mpal.mp.br\/index.php?rest_route=\/wp\/v2\/posts\/10106\/revisions"}],"predecessor-version":[{"id":10167,"href":"https:\/\/www.mpal.mp.br\/index.php?rest_route=\/wp\/v2\/posts\/10106\/revisions\/10167"}],"wp:featuredmedia":[{"embeddable":true,"href":"https:\/\/www.mpal.mp.br\/index.php?rest_route=\/wp\/v2\/media\/10166"}],"wp:attachment":[{"href":"https:\/\/www.mpal.mp.br\/index.php?rest_route=%2Fwp%2Fv2%2Fmedia&parent=10106"}],"wp:term":[{"taxonomy":"category","embeddable":true,"href":"https:\/\/www.mpal.mp.br\/index.php?rest_route=%2Fwp%2Fv2%2Fcategories&post=10106"},{"taxonomy":"post_tag","embeddable":true,"href":"https:\/\/www.mpal.mp.br\/index.php?rest_route=%2Fwp%2Fv2%2Ftags&post=10106"}],"curies":[{"name":"wp","href":"https:\/\/api.w.org\/{rel}","templated":true}]}}