{"id":10084,"date":"2021-07-02T11:29:17","date_gmt":"2021-07-02T14:29:17","guid":{"rendered":"https:\/\/www.mpal.mp.br\/?p=10084"},"modified":"2022-06-20T11:29:33","modified_gmt":"2022-06-20T14:29:33","slug":"projeto-rodas-de-conversa-com-a-socioeducacao-e-finalista-no-premio-innovare-2021","status":"publish","type":"post","link":"https:\/\/www.mpal.mp.br\/?p=10084","title":{"rendered":"Projeto Rodas de Conversa com a Socioeduca\u00e7\u00e3o \u00e9 finalista no Pr\u00eamio Innovare 2021"},"content":{"rendered":"<p style=\"text-align: justify;\" data-raofz=\"14\"><span style=\"font-size: 14pt;\" data-raofz=\"13\">O projeto Rodas de Conversa com a Socioeduca\u00e7\u00e3o, mais uma iniciativa do Minist\u00e9rio P\u00fablico do Estado de Alagoas (MPAL) que visa a transforma\u00e7\u00e3o social, foi selecionado para a 18a edi\u00e7\u00e3o do Pr\u00eamio Innovare, que, todos os anos, consagra trabalhos que colaboram para ampliar e aprimorar o atendimento da justi\u00e7a aos brasileiros. O projeto \u00e9 desenvolvido com adolescentes em conflito com a lei e j\u00e1 promoveu, no per\u00edodo de 13 meses, 22 encontros virtuais para que os jovens se sintam acolhidos pelas institui\u00e7\u00f5es que integram o sistema da justi\u00e7a.<\/span><\/p>\n<p style=\"text-align: justify;\" data-raofz=\"14\"><span style=\"font-size: 14pt;\" data-raofz=\"13\">O Rodas de Conversa com a Socioeduca\u00e7\u00e3o foi elaborado pela promotora de Justi\u00e7a Mar\u00edlia Cerqueira, titular da 12\u00aa Promotoria de Justi\u00e7a da Capital \u2013 Inf\u00e2ncia e Juventude, em parceria direta com o Poder Judici\u00e1rio \u2013 1a Vara da Inf\u00e2ncia e da Juventude, e a Superintend\u00eancia de Medidas Socioeducativas \u2013 Sumese, al\u00e9m da colabora\u00e7\u00e3o de outros \u00f3rg\u00e3os, como a Defensoria P\u00fablica Estadual. \u201cO nosso projeto tem como objetivo maior promover a aproxima\u00e7\u00e3o entre o Sistema de Justi\u00e7a Juvenil (Poder Judici\u00e1rio, Minist\u00e9rio P\u00fablico e Defensoria P\u00fablica) e o Sistema Socioeducativo, que \u00e9 composto pela coordena\u00e7\u00e3o dos programas socioeducativos, equipe t\u00e9cnica e socioeducandos. A princ\u00edpio, come\u00e7ou a ser executado como estrat\u00e9gia de enfrentamento \u00e0 pandemia do novo coronav\u00edrus, frente \u00e0s imprescind\u00edveis atua\u00e7\u00f5es nas execu\u00e7\u00f5es das medidas socioeducativas, bem como foi pensado para trazer a resolutividade imediata \u00e0s demandas relacionadas \u00e0s medidas preventivas e de restri\u00e7\u00f5es sanit\u00e1rias. Mas, com o desenrolar das atividades, percebemos que ele pode ser uma a\u00e7\u00e3o fixa, uma vez que os resultados foram bastante positivos e foram al\u00e9m dos objetivos inicialmente definidos\u201d, explicou Mar\u00edlia Cerqueira.<\/span><\/p>\n<p style=\"text-align: justify;\" data-raofz=\"14\"><span style=\"font-size: 14pt;\" data-raofz=\"13\"><strong>As a\u00e7\u00f5es do projeto<\/strong><\/span><\/p>\n<p style=\"text-align: justify;\" data-raofz=\"14\"><span style=\"font-size: 14pt;\" data-raofz=\"13\">O primeiro encontro do Rodas de Conversa com a Socioeduca\u00e7\u00e3o teve in\u00edcio em maio de 2020 e, formalmente, tornou-se um projeto do Minist\u00e9rio P\u00fablico, via Assessoria de Planejamento Estrat\u00e9gico, em junho do mesmo ano.<\/span><\/p>\n<p style=\"text-align: justify;\" data-raofz=\"14\"><span style=\"font-size: 14pt;\" data-raofz=\"13\">Desde quando foi criada, a iniciativa j\u00e1 realizou 22 rodas de conversas com os socioeducandos. Mais de 350 deles foram ouvidos, al\u00e9m da escuta tamb\u00e9m ter sido promovida junto aos t\u00e9cnicos do Sistema Socioeducativo.<\/span><\/p>\n<p style=\"text-align: justify;\" data-raofz=\"14\"><span style=\"font-size: 14pt;\" data-raofz=\"13\">Al\u00e9m das conversas com os jovens em cumprimento de medida socioeducativa, o projeto foi al\u00e9m, e buscou parceiros para que suas atividades pudessem ser ampliadas. E foi a partir da\u00ed que ele ganhou apoiadores como o Senac e o Senai, que doaram livros e mobili\u00e1rio para incrementar a\u00e7\u00f5es pedag\u00f3gicas durante o per\u00edodo pand\u00eamico. Isso possibilitou, por exemplo, a cria\u00e7\u00e3o de maratonas de leitura e de um clube do livro.\u00a0<\/span><\/p>\n<p style=\"text-align: justify;\" data-raofz=\"14\"><span style=\"font-size: 14pt;\" data-raofz=\"13\">\u201cO Rodas de Conversa com a Socioeduca\u00e7\u00e3o, sem d\u00favida alguma, \u00e9 um instrumento capaz de promover e fortalecer a diretriz da integra\u00e7\u00e3o operacional da pol\u00edtica de atendimento \u00e0 inf\u00e2ncia e \u00e0 juventude, bem como atua pela promo\u00e7\u00e3o da garantia de direitos dos adolescentes em conflito com a lei. Ou seja, \u00e9 um projeto que realmente visa a transforma\u00e7\u00e3o social na vida de jovens infratores. Portanto, saber que ele foi selecionado para concorrer ao Pr\u00eamio Innovare \u00e9 motivo de muito orgulho para o nosso Minist\u00e9rio P\u00fablico de Alagoas. Agora termos dois nessa disputa: o Rodas de Conversa e o Direitos Humanos em Pauta\u201d, comemorou M\u00e1rcio Roberto Ten\u00f3rio de Albuquerque, procurador-geral de Justi\u00e7a de Alagoas.<\/span><\/p>\n<p style=\"text-align: justify;\" data-raofz=\"14\"><span style=\"font-size: 14pt;\" data-raofz=\"13\"><b><strong>O Innovare<\/strong><\/b><\/span><\/p>\n<p style=\"text-align: justify;\" data-raofz=\"14\"><span style=\"font-size: 14pt;\" data-raofz=\"13\">Desde sua cria\u00e7\u00e3o, em 2004, o Pr\u00eamio Innovare vem trabalhando para identificar e colocar em evid\u00eancia iniciativas que trazem inova\u00e7\u00f5es e contribuem para o aprimoramento da justi\u00e7a. Ao todo, j\u00e1 foram premiadas 240 pr\u00e1ticas, entre mais de 7 mil trabalhos, em diferentes \u00e1reas da atua\u00e7\u00e3o jur\u00eddica. Todas as iniciativas selecionadas s\u00e3o inclu\u00eddas no Banco de Pr\u00e1ticas do Innovare. Elas podem ser consultadas gratuitamente no site\u00a0www.premioinnovare.com.br,\u00a0atrav\u00e9s de buscas por palavra-chave, edi\u00e7\u00e3o e categoria em que foram inscritas, local de origem e status (premiada, homenageada ou deferida).<\/span><\/p>\n<p style=\"text-align: justify;\" data-raofz=\"14\"><span style=\"font-size: 14pt;\" data-raofz=\"13\">O Pr\u00eamio conta com o apoio de institui\u00e7\u00f5es parceiras que colaboram para a sua credibilidade e prest\u00edgio, a exemplo da Associa\u00e7\u00e3o dos Magistrados Brasileiros (AMB),\u00a0Associa\u00e7\u00e3o Nacional dos Membros do Minist\u00e9rio P\u00fablico (Conamp), Associa\u00e7\u00e3o Nacional das Defensoras e Defensores P\u00fablicos (Anadep),\u00a0 Associa\u00e7\u00e3o dos Ju\u00edzes Federais (Ajufe),\u00a0Conselho Federal da OAB,\u00a0Associa\u00e7\u00e3o Nacional dos Procuradores de Rep\u00fablica (ANPR), Associa\u00e7\u00e3o Nacional dos Magistrados da Justi\u00e7a do Trabalho (Anamatra), conselho Nacional de Justi\u00e7a (CNJ) e da Secretaria Nacional de Justi\u00e7a do Minist\u00e9rio da Justi\u00e7a\u00a0e Seguran\u00e7a P\u00fablica, com o apoio do\u00a0Grupo Globo.<\/span><\/p>\n","protected":false},"excerpt":{"rendered":"<p> [&hellip;]<\/p>\n","protected":false},"author":1,"featured_media":10085,"comment_status":"open","ping_status":"open","sticky":false,"template":"","format":"standard","meta":{"om_disable_all_campaigns":false,"_monsterinsights_skip_tracking":false,"_monsterinsights_sitenote_active":false,"_monsterinsights_sitenote_note":"","_monsterinsights_sitenote_category":0,"_uf_show_specific_survey":0,"_uf_disable_surveys":false,"footnotes":""},"categories":[2],"tags":[],"class_list":["post-10084","post","type-post","status-publish","format-standard","has-post-thumbnail","hentry","category-not_mpal"],"aioseo_notices":[],"_links":{"self":[{"href":"https:\/\/www.mpal.mp.br\/index.php?rest_route=\/wp\/v2\/posts\/10084","targetHints":{"allow":["GET"]}}],"collection":[{"href":"https:\/\/www.mpal.mp.br\/index.php?rest_route=\/wp\/v2\/posts"}],"about":[{"href":"https:\/\/www.mpal.mp.br\/index.php?rest_route=\/wp\/v2\/types\/post"}],"author":[{"embeddable":true,"href":"https:\/\/www.mpal.mp.br\/index.php?rest_route=\/wp\/v2\/users\/1"}],"replies":[{"embeddable":true,"href":"https:\/\/www.mpal.mp.br\/index.php?rest_route=%2Fwp%2Fv2%2Fcomments&post=10084"}],"version-history":[{"count":1,"href":"https:\/\/www.mpal.mp.br\/index.php?rest_route=\/wp\/v2\/posts\/10084\/revisions"}],"predecessor-version":[{"id":10086,"href":"https:\/\/www.mpal.mp.br\/index.php?rest_route=\/wp\/v2\/posts\/10084\/revisions\/10086"}],"wp:featuredmedia":[{"embeddable":true,"href":"https:\/\/www.mpal.mp.br\/index.php?rest_route=\/wp\/v2\/media\/10085"}],"wp:attachment":[{"href":"https:\/\/www.mpal.mp.br\/index.php?rest_route=%2Fwp%2Fv2%2Fmedia&parent=10084"}],"wp:term":[{"taxonomy":"category","embeddable":true,"href":"https:\/\/www.mpal.mp.br\/index.php?rest_route=%2Fwp%2Fv2%2Fcategories&post=10084"},{"taxonomy":"post_tag","embeddable":true,"href":"https:\/\/www.mpal.mp.br\/index.php?rest_route=%2Fwp%2Fv2%2Ftags&post=10084"}],"curies":[{"name":"wp","href":"https:\/\/api.w.org\/{rel}","templated":true}]}}