{"id":10078,"date":"2021-07-07T11:25:07","date_gmt":"2021-07-07T14:25:07","guid":{"rendered":"https:\/\/www.mpal.mp.br\/?p=10078"},"modified":"2022-06-20T11:25:17","modified_gmt":"2022-06-20T14:25:17","slug":"pgj-marcio-roberto-se-reune-com-o-governador-renan-filho-para-discutir-suplementacao-e-reajuste-no-orcamento-do-mpal-para-2022","status":"publish","type":"post","link":"https:\/\/www.mpal.mp.br\/?p=10078","title":{"rendered":"PGJ M\u00e1rcio Roberto se re\u00fane com o governador Renan Filho para discutir suplementa\u00e7\u00e3o e reajuste no or\u00e7amento do MPAL para 2022"},"content":{"rendered":"<p style=\"text-align: justify;\" data-raofz=\"14\"><span style=\"font-size: 14pt;\" data-raofz=\"13\">O procurador-geral de Justi\u00e7a de Alagoas, M\u00e1rcio Roberto Ten\u00f3rio de Albuquerque, esteve, na tarde desta quarta-feira (7), reunido com o governador Renan Filho para tratar das suplementa\u00e7\u00f5es or\u00e7ament\u00e1rias para este ano e para reivindicar reajuste no or\u00e7amento 2022 do Minist\u00e9rio P\u00fablico do Estado de Alagoas (MPAL). Na mesma ocasi\u00e3o, o presidente do Associa\u00e7\u00e3o do Minist\u00e9rio P\u00fablico (Ampal), Fl\u00e1vio Costa, e o diretor financeiro da entidade, Roberto Salom\u00e3o do Nascimento, comunicaram ao chefe do Poder Executivo que ele ser\u00e1 agraciado com a mais alta honraria concedida pela entidade de classe.<\/span><\/p>\n<p style=\"text-align: justify;\" data-raofz=\"14\"><span style=\"font-size: 14pt;\" data-raofz=\"13\">No encontro, que ocorreu no Pal\u00e1cio Rep\u00fablica dos Palmares, M\u00e1rcio Roberto Ten\u00f3rio lembrou ao governador que a institui\u00e7\u00e3o aguarda duas importantes suplementa\u00e7\u00f5es no or\u00e7amento ainda para 2021: \u201cA primeira trar\u00e1 os recursos para construirmos as sedes das Promotorias de Justi\u00e7a de Penedo, Atalaia e Murici e para o pr\u00e9dio do nosso arquivo p\u00fablico, e, a segunda, servir\u00e1 para fazermos frente as despesas de compromissos institucionais assumidos anteriormente para execu\u00e7\u00e3o este ano, bem como para a implanta\u00e7\u00e3o de melhorias para membros e servidores\u201d, informou o chefe do MPAL.<\/span><\/p>\n<p style=\"text-align: justify;\" data-raofz=\"14\"><span style=\"font-size: 14pt;\" data-raofz=\"13\">Ambas suplementa\u00e7\u00f5es foram asseguradas por Renan Filho.<\/span><\/p>\n<p style=\"text-align: justify;\" data-raofz=\"14\"><span style=\"font-size: 14pt;\"><strong>Or\u00e7amento para 2022<\/strong><\/span><\/p>\n<p style=\"text-align: justify;\" data-raofz=\"14\"><span style=\"font-size: 14pt;\" data-raofz=\"13\">O segundo ponto de pauta tratou de recursos financeiros para o pr\u00f3ximo ano. M\u00e1rcio Roberto Ten\u00f3rio refor\u00e7ou que o MPAL est\u00e1 com or\u00e7amento congelado h\u00e1 tr\u00eas anos, o que tem dificultado algumas a\u00e7\u00f5es que a atual gest\u00e3o gostaria de executar. \u201cPor exemplo, n\u00f3s queremos contratar pessoal, que s\u00e3o os candidatos aprovados no nosso \u00faltimo concurso p\u00fablico para servidores. Al\u00e9m disso, pretendemos fazer novos investimentos em estrutura f\u00edsica e em equipamentos, no entanto, para que possamos dar in\u00edcio a isso tudo, precisaremos de refor\u00e7o or\u00e7ament\u00e1rio\u201d, explicou ele.<\/span><\/p>\n<p style=\"text-align: justify;\" data-raofz=\"14\"><span style=\"font-size: 14pt;\" data-raofz=\"13\">Renan Filho, ap\u00f3s ouvir o pleito do chefe do MPAL, disse que vai discutir com sua equipe t\u00e9cnica sobre essa possibilidade, concentrando esfor\u00e7os para que o or\u00e7amento do Minist\u00e9rio P\u00fablico possa ser reajustado para o ano de 2022. \u201cEstamos assumindo o compromisso de analisar com aten\u00e7\u00e3o esse pleito porque o Governo de Alagoas tem imenso respeito pelo MPAL\u201d, afirmou o governador.<\/span><\/p>\n<p style=\"text-align: justify;\" data-raofz=\"14\"><span style=\"font-size: 14pt;\" data-raofz=\"13\">Atualmente, o Minist\u00e9rio P\u00fablico tem or\u00e7amento anual de R$ 173 milh\u00f5es.<\/span><\/p>\n<p style=\"text-align: justify;\" data-raofz=\"14\"><span style=\"font-size: 14pt;\"><strong>Homenagem da Ampal<\/strong><\/span><\/p>\n<p style=\"text-align: justify;\" data-raofz=\"14\"><span style=\"font-size: 14pt;\" data-raofz=\"13\">Na mesma ocasi\u00e3o, o presidente da Ampal, Fl\u00e1vio Costa, comunicou ao governador Renan Filho que ele ser\u00e1 agraciado com a comenda Antero Medeiros, a mais alta honraria concedida pela Associa\u00e7\u00e3o do Minist\u00e9rio P\u00fablico. \u201cNa verdade, a honra \u00e9 nossa em poder fazer essa homenagem ao gestor maior do nosso estado. E ela vai acontecer justamente porque a Ampal reconhece o grande trabalho que o governador tem feito em prol do desenvolvimento de Alagoas\u201d, disse.<\/span><\/p>\n<p style=\"text-align: justify;\" data-raofz=\"14\"><span style=\"font-size: 14pt;\" data-raofz=\"13\">\u201cTamb\u00e9m \u00e9 uma forma de reconhecermos a atua\u00e7\u00e3o da gest\u00e3o do governador Renan Filho no combate \u00e0 pandemia da Covid-19\u201d, acrescentou Roberto Salom\u00e3o do Nascimento.<\/span><\/p>\n<p style=\"text-align: justify;\" data-raofz=\"14\"><span style=\"font-size: 14pt;\" data-raofz=\"13\">Renan Filho agradeceu a homenagem: \u201cFicarei muito honrado em receber t\u00e3o nobre comenda. Desde j\u00e1 agrade\u00e7o a escolha do meu nome e externo \u00e0 Ampal e ao Minist\u00e9rio P\u00fablico o meu sentimento de felicidade\u201d, comentou o governador.<\/span><\/p>\n","protected":false},"excerpt":{"rendered":"<p> [&hellip;]<\/p>\n","protected":false},"author":1,"featured_media":10079,"comment_status":"open","ping_status":"open","sticky":false,"template":"","format":"standard","meta":{"om_disable_all_campaigns":false,"_monsterinsights_skip_tracking":false,"_monsterinsights_sitenote_active":false,"_monsterinsights_sitenote_note":"","_monsterinsights_sitenote_category":0,"_uf_show_specific_survey":0,"_uf_disable_surveys":false,"footnotes":""},"categories":[2],"tags":[],"class_list":["post-10078","post","type-post","status-publish","format-standard","has-post-thumbnail","hentry","category-not_mpal"],"aioseo_notices":[],"_links":{"self":[{"href":"https:\/\/www.mpal.mp.br\/index.php?rest_route=\/wp\/v2\/posts\/10078","targetHints":{"allow":["GET"]}}],"collection":[{"href":"https:\/\/www.mpal.mp.br\/index.php?rest_route=\/wp\/v2\/posts"}],"about":[{"href":"https:\/\/www.mpal.mp.br\/index.php?rest_route=\/wp\/v2\/types\/post"}],"author":[{"embeddable":true,"href":"https:\/\/www.mpal.mp.br\/index.php?rest_route=\/wp\/v2\/users\/1"}],"replies":[{"embeddable":true,"href":"https:\/\/www.mpal.mp.br\/index.php?rest_route=%2Fwp%2Fv2%2Fcomments&post=10078"}],"version-history":[{"count":1,"href":"https:\/\/www.mpal.mp.br\/index.php?rest_route=\/wp\/v2\/posts\/10078\/revisions"}],"predecessor-version":[{"id":10080,"href":"https:\/\/www.mpal.mp.br\/index.php?rest_route=\/wp\/v2\/posts\/10078\/revisions\/10080"}],"wp:featuredmedia":[{"embeddable":true,"href":"https:\/\/www.mpal.mp.br\/index.php?rest_route=\/wp\/v2\/media\/10079"}],"wp:attachment":[{"href":"https:\/\/www.mpal.mp.br\/index.php?rest_route=%2Fwp%2Fv2%2Fmedia&parent=10078"}],"wp:term":[{"taxonomy":"category","embeddable":true,"href":"https:\/\/www.mpal.mp.br\/index.php?rest_route=%2Fwp%2Fv2%2Fcategories&post=10078"},{"taxonomy":"post_tag","embeddable":true,"href":"https:\/\/www.mpal.mp.br\/index.php?rest_route=%2Fwp%2Fv2%2Ftags&post=10078"}],"curies":[{"name":"wp","href":"https:\/\/api.w.org\/{rel}","templated":true}]}}