{"id":10075,"date":"2021-07-08T11:23:51","date_gmt":"2021-07-08T14:23:51","guid":{"rendered":"https:\/\/www.mpal.mp.br\/?p=10075"},"modified":"2022-06-20T11:24:00","modified_gmt":"2022-06-20T14:24:00","slug":"ft-do-mpal-pedira-imunizacao-para-lactantes-colegiado-tambem-recomendara-instauracao-de-procedimento-para-controle-no-caso-de-profissionais-da-educacao-que-optarem-por-nao-se-vacinar","status":"publish","type":"post","link":"https:\/\/www.mpal.mp.br\/?p=10075","title":{"rendered":"FT do MPAL pedir\u00e1 imuniza\u00e7\u00e3o para lactantes; colegiado tamb\u00e9m recomendar\u00e1 instaura\u00e7\u00e3o de procedimento para controle no caso de profissionais da educa\u00e7\u00e3o que optarem por n\u00e3o se vacinar"},"content":{"rendered":"<p style=\"text-align: justify;\" data-raofz=\"14\"><span style=\"font-size: 14pt;\" data-raofz=\"13\">A For\u00e7a-Tarefa de Preven\u00e7\u00e3o e Enfrentamento \u00e0 Pandemia da Covid-19 do Minist\u00e9rio P\u00fablico do Estado de Alagoas (MPAL) decidiu, nesta quarta-feira (7), que enviar\u00e1 of\u00edcio ao Minist\u00e9rio da Sa\u00fade solicitando a inclus\u00e3o das lactantes no Plano Nacional de Imuniza\u00e7\u00e3o (PNI). O colegiado tamb\u00e9m deliberou por expedir recomenda\u00e7\u00e3o aos munic\u00edpios para que instaurem procedimentos administrativos em desfavor dos professores que n\u00e3o quiseram se vacinar, uma vez que, por raz\u00e3o de seguran\u00e7a, esses profissionais n\u00e3o poder\u00e3o retornar \u00e0 sala de aula.<\/span><\/p>\n<p style=\"text-align: justify;\" data-raofz=\"14\"><span style=\"font-size: 14pt;\" data-raofz=\"13\">Presidido pelo procurador-geral de Justi\u00e7a de Alagoas, M\u00e1rcio Roberto Ten\u00f3rio de Albuquerque, o encontro teve como primeiro ponto de pauta a possibilidade de inclus\u00e3o das lactantes no PNI. Representando o grupo Lactantes pela Vacina, a servidora do Minist\u00e9rio P\u00fablico, Ingrid Rafaela Pinto Falc\u00e3o Tavares de Souza, foi convidada para falar em nome das m\u00e3es que est\u00e3o no processo de amamenta\u00e7\u00e3o. \u201cN\u00f3s n\u00e3o estamos queremos passar na frente de nenhum grupo priorit\u00e1rio, apenas desejamos estar vacinadas para proteger os nossos filhos. Todos sabemos que os beb\u00eas sequer podem usar m\u00e1scaras para se proteger, ent\u00e3o, a vacina\u00e7\u00e3o das lactantes \u00e9 o caminho que n\u00f3s temos para transmitir a imunidade necess\u00e1ria para combater esse v\u00edrus t\u00e3o cruel. Com apenas uma vacina mais de uma vida poder\u00e1 ser salva\u201d, alegou ela.<\/span><\/p>\n<p style=\"text-align: justify;\" data-raofz=\"14\"><span style=\"font-size: 14pt;\" data-raofz=\"13\">A servidora tamb\u00e9m acrescentou que o estado de Santa Catarina j\u00e1 possui lei que inclui lactantes nos seu plano estadual de imuniza\u00e7\u00e3o e que outros estados inclu\u00edram as lactantes atrav\u00e9s de resolu\u00e7\u00e3o da CIB.<\/span><\/p>\n<p style=\"text-align: justify;\" data-raofz=\"14\"><span style=\"font-size: 14pt;\" data-raofz=\"13\">Ap\u00f3s ouvir os argumentos de Ingrid Rafaela, a FT decidiu que enviar\u00e1 of\u00edcio ao Minist\u00e9rio da Sa\u00fade. \u201cVamos preparar o documento pedindo a inclus\u00e3o das lactantes no PNI. De fato, os argumentos desse grupo s\u00e3o leg\u00edtimos e, por isso, solicitaremos ao MS que ele seja sens\u00edvel \u00e0 causa\u201d, afirmou o chefe do MPAL.<\/span><\/p>\n<p style=\"text-align: justify;\" data-raofz=\"14\"><span style=\"font-size: 14pt;\"><strong>Resist\u00eancia dos professores \u00e0 vacina\u00e7\u00e3o<\/strong><\/span><\/p>\n<p style=\"text-align: justify;\" data-raofz=\"14\"><span style=\"font-size: 14pt;\" data-raofz=\"13\">Apesar de reconhecer que a vacina\u00e7\u00e3o n\u00e3o \u00e9 um procedimento compuls\u00f3rio, a For\u00e7a-tarefa entendeu, na reuni\u00e3o desta quarta-feira, que aqueles professores que se recusaram a receber a imuniza\u00e7\u00e3o devem responder a um procedimento administrativo na Secretaria Municipal de Educa\u00e7\u00e3o na qual ele \u00e9 vinculado.<\/span><\/p>\n<p style=\"text-align: justify;\" data-raofz=\"14\"><span style=\"font-size: 14pt;\" data-raofz=\"13\">\u201c\u00c9 claro que h\u00e1 legitimidade na escolha de algu\u00e9m por n\u00e3o se vacinar, por\u00e9m, para quem \u00e9 servidor p\u00fablico e trabalha com a coletividade, essa imuniza\u00e7\u00e3o deve ser obrigat\u00f3ria, o que, segundo nossa legisla\u00e7\u00e3o, \u00e9 diferente de vacina\u00e7\u00e3o compuls\u00f3ria. Sendo assim, a op\u00e7\u00e3o de n\u00e3o vacina\u00e7\u00e3o deve ser acompanhada de controle da administra\u00e7\u00e3o p\u00fablica para prote\u00e7\u00e3o daqueles alunos e profissionais da educa\u00e7\u00e3o que est\u00e3o vacinados e v\u00e3o frequentar o ambiente escolar. Dessa forma, ser\u00e1 respeitada a op\u00e7\u00e3o individual de cada um sem prejudicar os demais, \u201cdetalhou o promotor de Justi\u00e7a Lucas Sachsida, coordenador do N\u00facleo de Defesa da Educa\u00e7\u00e3o do MPAL.<\/span><\/p>\n","protected":false},"excerpt":{"rendered":"<p> [&hellip;]<\/p>\n","protected":false},"author":1,"featured_media":10076,"comment_status":"open","ping_status":"open","sticky":false,"template":"","format":"standard","meta":{"om_disable_all_campaigns":false,"_monsterinsights_skip_tracking":false,"_monsterinsights_sitenote_active":false,"_monsterinsights_sitenote_note":"","_monsterinsights_sitenote_category":0,"_uf_show_specific_survey":0,"_uf_disable_surveys":false,"footnotes":""},"categories":[2],"tags":[],"class_list":["post-10075","post","type-post","status-publish","format-standard","has-post-thumbnail","hentry","category-not_mpal"],"aioseo_notices":[],"_links":{"self":[{"href":"https:\/\/www.mpal.mp.br\/index.php?rest_route=\/wp\/v2\/posts\/10075","targetHints":{"allow":["GET"]}}],"collection":[{"href":"https:\/\/www.mpal.mp.br\/index.php?rest_route=\/wp\/v2\/posts"}],"about":[{"href":"https:\/\/www.mpal.mp.br\/index.php?rest_route=\/wp\/v2\/types\/post"}],"author":[{"embeddable":true,"href":"https:\/\/www.mpal.mp.br\/index.php?rest_route=\/wp\/v2\/users\/1"}],"replies":[{"embeddable":true,"href":"https:\/\/www.mpal.mp.br\/index.php?rest_route=%2Fwp%2Fv2%2Fcomments&post=10075"}],"version-history":[{"count":1,"href":"https:\/\/www.mpal.mp.br\/index.php?rest_route=\/wp\/v2\/posts\/10075\/revisions"}],"predecessor-version":[{"id":10077,"href":"https:\/\/www.mpal.mp.br\/index.php?rest_route=\/wp\/v2\/posts\/10075\/revisions\/10077"}],"wp:featuredmedia":[{"embeddable":true,"href":"https:\/\/www.mpal.mp.br\/index.php?rest_route=\/wp\/v2\/media\/10076"}],"wp:attachment":[{"href":"https:\/\/www.mpal.mp.br\/index.php?rest_route=%2Fwp%2Fv2%2Fmedia&parent=10075"}],"wp:term":[{"taxonomy":"category","embeddable":true,"href":"https:\/\/www.mpal.mp.br\/index.php?rest_route=%2Fwp%2Fv2%2Fcategories&post=10075"},{"taxonomy":"post_tag","embeddable":true,"href":"https:\/\/www.mpal.mp.br\/index.php?rest_route=%2Fwp%2Fv2%2Ftags&post=10075"}],"curies":[{"name":"wp","href":"https:\/\/api.w.org\/{rel}","templated":true}]}}