{"id":10071,"date":"2021-07-08T11:22:12","date_gmt":"2021-07-08T14:22:12","guid":{"rendered":"https:\/\/www.mpal.mp.br\/?p=10071"},"modified":"2022-06-20T11:22:22","modified_gmt":"2022-06-20T14:22:22","slug":"ministerio-publico-de-alagoas-recebe-associacao-de-moradores-do-pinheiro-e-se-compromete-em-analisar-reivindicacoes","status":"publish","type":"post","link":"https:\/\/www.mpal.mp.br\/?p=10071","title":{"rendered":"Minist\u00e9rio P\u00fablico de Alagoas recebe associa\u00e7\u00e3o de moradores do Pinheiro e se compromete em analisar reivindica\u00e7\u00f5es"},"content":{"rendered":"<p style=\"text-align: justify;\" data-raofz=\"14\"><span style=\"font-size: 14pt;\">O Minist\u00e9rio P\u00fablico do Estado de Alagoas recebeu na manh\u00e3 de hoje (quinta-feira- 08), uma comiss\u00e3o de integrantes do Movimento Unificado de V\u00edtimas da Braskem (MUVB), onde ficou deliberado que o MPAL ir\u00e1 se reunir com as demais institui\u00e7\u00f5es que comp\u00f5em a For\u00e7a-Tarefa para discutir os pleitos formulados por aquela entidade e apresentar uma resposta at\u00e9 o pr\u00f3ximo dia 16.<\/span><\/p>\n<p style=\"text-align: justify;\" data-raofz=\"14\"><span style=\"font-size: 14pt;\">A principal reivindica\u00e7\u00e3o dos manifestantes \u00e9 sobre a abertura de um procedimento para media\u00e7\u00e3o e auto composi\u00e7\u00e3o, por parte dos Minist\u00e9rios P\u00fablicos Estadual e Federal e das Defensorias P\u00fablicas Estadual e da Uni\u00e3o, para que o MUVB possa participar de novas tratativas do acordo com a mineradora Braskem.<\/span><\/p>\n<p style=\"text-align: justify;\" data-raofz=\"14\"><span style=\"font-size: 14pt;\">Como o encontro ocorreu apenas com promotores de Justi\u00e7a do MPAL, no pr\u00e9dio do Centro de Apoio Operacional \u00e0s Promotorias de Justi\u00e7a (CAOP), foi assumido o compromisso de que os membros do \u00f3rg\u00e3o ministerial se reunir\u00e3o com as demais institui\u00e7\u00f5es para discutir a possibilidade de instaura\u00e7\u00e3o desse procedimento, cuja resposta ser\u00e1 apresentada, conjunta e formalmente, ao Movimento na sexta-feira dia 16 de julho do corrente.<\/span><\/p>\n<p style=\"text-align: justify;\" data-raofz=\"14\"><span style=\"font-size: 14pt;\">Durante a conversa, o Minist\u00e9rio P\u00fablico do Estado de Alagoas disse aos moradores dos bairros afetados pela explora\u00e7\u00e3o da sal-gema que entende o sofrimento pelo qual eles passam e reafirmou o seu compromisso na busca por justi\u00e7a em favor daquelas comunidades afetadas, juntamente com as demais institui\u00e7\u00f5es que foram signat\u00e1rias do acordo.<\/span><\/p>\n","protected":false},"excerpt":{"rendered":"<p> [&hellip;]<\/p>\n","protected":false},"author":1,"featured_media":10072,"comment_status":"open","ping_status":"open","sticky":false,"template":"","format":"standard","meta":{"om_disable_all_campaigns":false,"_monsterinsights_skip_tracking":false,"_monsterinsights_sitenote_active":false,"_monsterinsights_sitenote_note":"","_monsterinsights_sitenote_category":0,"_uf_show_specific_survey":0,"_uf_disable_surveys":false,"footnotes":""},"categories":[2],"tags":[],"class_list":["post-10071","post","type-post","status-publish","format-standard","has-post-thumbnail","hentry","category-not_mpal"],"aioseo_notices":[],"_links":{"self":[{"href":"https:\/\/www.mpal.mp.br\/index.php?rest_route=\/wp\/v2\/posts\/10071","targetHints":{"allow":["GET"]}}],"collection":[{"href":"https:\/\/www.mpal.mp.br\/index.php?rest_route=\/wp\/v2\/posts"}],"about":[{"href":"https:\/\/www.mpal.mp.br\/index.php?rest_route=\/wp\/v2\/types\/post"}],"author":[{"embeddable":true,"href":"https:\/\/www.mpal.mp.br\/index.php?rest_route=\/wp\/v2\/users\/1"}],"replies":[{"embeddable":true,"href":"https:\/\/www.mpal.mp.br\/index.php?rest_route=%2Fwp%2Fv2%2Fcomments&post=10071"}],"version-history":[{"count":1,"href":"https:\/\/www.mpal.mp.br\/index.php?rest_route=\/wp\/v2\/posts\/10071\/revisions"}],"predecessor-version":[{"id":10073,"href":"https:\/\/www.mpal.mp.br\/index.php?rest_route=\/wp\/v2\/posts\/10071\/revisions\/10073"}],"wp:featuredmedia":[{"embeddable":true,"href":"https:\/\/www.mpal.mp.br\/index.php?rest_route=\/wp\/v2\/media\/10072"}],"wp:attachment":[{"href":"https:\/\/www.mpal.mp.br\/index.php?rest_route=%2Fwp%2Fv2%2Fmedia&parent=10071"}],"wp:term":[{"taxonomy":"category","embeddable":true,"href":"https:\/\/www.mpal.mp.br\/index.php?rest_route=%2Fwp%2Fv2%2Fcategories&post=10071"},{"taxonomy":"post_tag","embeddable":true,"href":"https:\/\/www.mpal.mp.br\/index.php?rest_route=%2Fwp%2Fv2%2Ftags&post=10071"}],"curies":[{"name":"wp","href":"https:\/\/api.w.org\/{rel}","templated":true}]}}