{"id":10065,"date":"2021-07-09T11:18:27","date_gmt":"2021-07-09T14:18:27","guid":{"rendered":"https:\/\/www.mpal.mp.br\/?p=10065"},"modified":"2022-06-20T11:18:44","modified_gmt":"2022-06-20T14:18:44","slug":"forca-tarefa-do-mpal-recomenda-a-governador-e-prefeitos-instauracao-de-procedimentos-em-desfavor-de-servidores-da-educacao-que-se-recusarem-a-vacinacao-contra-a-covid-19","status":"publish","type":"post","link":"https:\/\/www.mpal.mp.br\/?p=10065","title":{"rendered":"For\u00e7a-tarefa do MPAL recomenda a governador e prefeitos instaura\u00e7\u00e3o de procedimentos em desfavor de servidores da Educa\u00e7\u00e3o que se recusarem \u00e0 vacina\u00e7\u00e3o contra a Covid-19"},"content":{"rendered":"<p style=\"text-align: justify;\" align=\"justify\" data-raofz=\"14\"><span style=\"font-size: 14pt;\" data-raofz=\"13\">O procurador-geral de Justi\u00e7a (PGJ), M\u00e1rcio Roberto Ten\u00f3rio de Albuquerque, e todos os promotores de Justi\u00e7a que integram a For\u00e7a-Tarefa (FT) de Combate e Enfrentamento \u00e0 Covid-19, ap\u00f3s discuss\u00f5es, em reuni\u00e3o ocorrida nessa quarta-feira(7), expediram a Recomenda\u00e7\u00e3o n\u00ba 07\/2021 ao governador do Estado e aos prefeitos municipais para que, por meio de suas secretarias ou \u00f3rg\u00e3os de controle interno, adotem algumas medidas em rela\u00e7\u00e3o \u00e0 Educa\u00e7\u00e3o, entre elas instaura\u00e7\u00e3o de procedimentos administrativos, sindic\u00e2ncia e at\u00e9 substitui\u00e7\u00e3o do servidor em caso de recusa \u00e0 vacina\u00e7\u00e3o. Tal iniciativa foi tomada ap\u00f3s chegar ao Minist\u00e9rio P\u00fablico de Alagoas (MPAL) a informa\u00e7\u00e3o de que alguns profissionais da Educa\u00e7\u00e3o, mesmo com n\u00famero suficiente de doses para a imuniza\u00e7\u00e3o da categoria, estariam se abstendo.<\/span><\/p>\n<p style=\"text-align: justify;\" align=\"justify\" data-raofz=\"14\"><span style=\"font-size: 14pt;\" data-raofz=\"13\">Os membros ministeriais que atuam incessantemente para evitar eventuais irregularidades ou crimes nesse per\u00edodo de pandemia, cobrando a\u00e7\u00f5es que resultem em benef\u00edcios para os profissionais de todas as \u00e1reas e tamb\u00e9m para a sociedade, advertem os gestores para que promovam campanhas educativas sobre a import\u00e2ncia da vacina\u00e7\u00e3o e de como se proteger e evitar poss\u00edvel transmiss\u00e3o da Covid-19, em especial, voltadas aos que lecionam em escolas p\u00fablicas municipais e estaduais.<\/span><\/p>\n<p style=\"text-align: justify;\" align=\"justify\" data-raofz=\"14\"><span style=\"font-size: 14pt;\" data-raofz=\"13\">Em seu aconselhamento, a FT do Minist\u00e9rio P\u00fablico de Alagoas (MPAL) requer que todos sejam vigilantes e monitorem a vacina\u00e7\u00e3o dos profissionais que atuam nas redes estadual, municipal e particular de ensino em seus munic\u00edpios e , caso necess\u00e1rio, instaurem sindic\u00e2ncia ou processo administrativo disciplinar em desfavor dos profissionais da Educa\u00e7\u00e3o das redes p\u00fablicas que se recusarem a tomar a vacina, evidentemente, assegurando-lhes o contradit\u00f3rio e a ampla defesa, para que seja averiguado se o servidor ou funcion\u00e1rio possui alguma comorbidade que seja atestada pelo m\u00e9dico e justifique, dessa forma, haja orienta\u00e7\u00e3o para a sua recusa e antepondo o trabalho remoto. Mas, desde que haja, simultaneamente, uma conscientiza\u00e7\u00e3o sobre a efic\u00e1cia, seguran\u00e7a e poss\u00edveis contraindica\u00e7\u00f5es dos imunizantes.<\/span><\/p>\n<p style=\"text-align: justify;\" align=\"justify\" data-raofz=\"14\"><span style=\"font-size: 14pt;\" data-raofz=\"13\">Para os profissionais que atuam por meio de contratos tempor\u00e1rios e que, sem qualquer orienta\u00e7\u00e3o m\u00e9dica, porventura, recusem-se a se vacinar, a recomenda\u00e7\u00e3o \u00e9 de que sejam substitu\u00eddos dentro do que estabelecem as normativas de reg\u00eancia. J\u00e1 para os que t\u00eam v\u00ednculo efetivo, a FT entendeu que devem os gestores instaurarem sindic\u00e2ncia ou procedimento administrativo disciplinar respectivo e, consequentemente, encaminhadas ao promotor de Justi\u00e7a natural as respectivas portarias comprovando a abertura dos procedimentos.<\/span><\/p>\n<p style=\"text-align: justify;\" align=\"justify\" data-raofz=\"14\"><span style=\"font-size: 14pt;\" data-raofz=\"13\">O PGJ e os promotores de Justi\u00e7a lembram j\u00e1 existir orienta\u00e7\u00e3o similar expedida pela Procuradoria-Geral do Estado Alagoas , inclusive com indica\u00e7\u00e3o de restri\u00e7\u00e3o de acesso de servidores que recusaram a vacina e enfatizam que a vacina\u00e7\u00e3o \u00e9 de suma import\u00e2ncia para a prote\u00e7\u00e3o de toda a sociedade e que n\u00e3o \u00e9 vi\u00e1vel ou aceit\u00e1vel que escolhas de alguns cidad\u00e3os atropelem os direitos de outros e lhes causem consequ\u00eancias graves.<\/span><\/p>\n<p style=\"text-align: justify;\" align=\"justify\" data-raofz=\"14\"><span style=\"font-size: 14pt;\" data-raofz=\"13\">Por garantia, a Recomenda\u00e7\u00e3o foi enviada \u00e0 Associa\u00e7\u00e3o dos Munic\u00edpios Alagoanos (AMA) para que chegue aos prefeitos dos 102 munic\u00edpios alagoanos.<\/span><\/p>\n<p style=\"text-align: justify;\" data-raofz=\"14\"><span style=\"font-size: 14pt;\"><a role=\"link\" href=\"https:\/\/www.mpal.mp.br\/wp-content\/uploads\/2021\/07\/Recomenda%C3%A7%C3%A3o-n-07-de-2021.pdf\" data-raofz=\"14\">Recomenda\u00e7\u00e3o n-07 de 2021<\/a><\/span><\/p>\n","protected":false},"excerpt":{"rendered":"<p> [&hellip;]<\/p>\n","protected":false},"author":1,"featured_media":10066,"comment_status":"open","ping_status":"open","sticky":false,"template":"","format":"standard","meta":{"om_disable_all_campaigns":false,"_monsterinsights_skip_tracking":false,"_monsterinsights_sitenote_active":false,"_monsterinsights_sitenote_note":"","_monsterinsights_sitenote_category":0,"_uf_show_specific_survey":0,"_uf_disable_surveys":false,"footnotes":""},"categories":[2],"tags":[],"class_list":["post-10065","post","type-post","status-publish","format-standard","has-post-thumbnail","hentry","category-not_mpal"],"aioseo_notices":[],"_links":{"self":[{"href":"https:\/\/www.mpal.mp.br\/index.php?rest_route=\/wp\/v2\/posts\/10065","targetHints":{"allow":["GET"]}}],"collection":[{"href":"https:\/\/www.mpal.mp.br\/index.php?rest_route=\/wp\/v2\/posts"}],"about":[{"href":"https:\/\/www.mpal.mp.br\/index.php?rest_route=\/wp\/v2\/types\/post"}],"author":[{"embeddable":true,"href":"https:\/\/www.mpal.mp.br\/index.php?rest_route=\/wp\/v2\/users\/1"}],"replies":[{"embeddable":true,"href":"https:\/\/www.mpal.mp.br\/index.php?rest_route=%2Fwp%2Fv2%2Fcomments&post=10065"}],"version-history":[{"count":1,"href":"https:\/\/www.mpal.mp.br\/index.php?rest_route=\/wp\/v2\/posts\/10065\/revisions"}],"predecessor-version":[{"id":10067,"href":"https:\/\/www.mpal.mp.br\/index.php?rest_route=\/wp\/v2\/posts\/10065\/revisions\/10067"}],"wp:featuredmedia":[{"embeddable":true,"href":"https:\/\/www.mpal.mp.br\/index.php?rest_route=\/wp\/v2\/media\/10066"}],"wp:attachment":[{"href":"https:\/\/www.mpal.mp.br\/index.php?rest_route=%2Fwp%2Fv2%2Fmedia&parent=10065"}],"wp:term":[{"taxonomy":"category","embeddable":true,"href":"https:\/\/www.mpal.mp.br\/index.php?rest_route=%2Fwp%2Fv2%2Fcategories&post=10065"},{"taxonomy":"post_tag","embeddable":true,"href":"https:\/\/www.mpal.mp.br\/index.php?rest_route=%2Fwp%2Fv2%2Ftags&post=10065"}],"curies":[{"name":"wp","href":"https:\/\/api.w.org\/{rel}","templated":true}]}}