{"id":10053,"date":"2021-07-16T11:07:04","date_gmt":"2021-07-16T14:07:04","guid":{"rendered":"https:\/\/www.mpal.mp.br\/?p=10053"},"modified":"2022-06-20T11:07:17","modified_gmt":"2022-06-20T14:07:17","slug":"rio-largo-ministerio-publico-de-alagoas-abre-inscricao-para-estagio-na-area-de-direito","status":"publish","type":"post","link":"https:\/\/www.mpal.mp.br\/?p=10053","title":{"rendered":"Rio Largo: Minist\u00e9rio P\u00fablico de Alagoas abre inscri\u00e7\u00e3o para est\u00e1gio na \u00e1rea de Direito"},"content":{"rendered":"<p data-raofz=\"14\"><span style=\"font-size: 14pt;\">Uma oportunidade para quem \u00e9 estudante do curso de Direito aprimorar sua forma\u00e7\u00e3o, a 4\u00aa Promotoria de Justi\u00e7a de Rio Laro, abre Processo Seletivo P\u00fablico Simplificado para estagi\u00e1rio e as inscri\u00e7\u00f5es devem ser feitas no per\u00edodo de 16 a 31 de Julho de 2021. Os interessados devem preencher um formul\u00e1rio pelo www.mpal.mp.br e enviar a confirma\u00e7\u00e3o da inscri\u00e7\u00e3o para o endere\u00e7o eletr\u00f4nico pj.4riolargo@mpal.mp.br. A carga hor\u00e1ria ser\u00e1 de 20 horas semanais, a ser cumprida pelo estudante dentro do hor\u00e1rio de funcionamento da Promotoria de Justi\u00e7a. O estagi\u00e1rio far\u00e1 jus a uma bolsa de complementa\u00e7\u00e3o educacional no valor de um sal\u00e1rio-m\u00ednimo vigente, aux\u00edlio-transporte e seguro de vida, conforme previs\u00e3o da Lei n.\u00ba 11.788\/2008, da Resolu\u00e7\u00e3o CNMP n.\u00ba 42\/2009, do Ato do CSMP-AL n.\u00ba 01\/2018..<\/span><\/p>\n<p data-raofz=\"14\"><span style=\"font-size: 14pt;\">Os interessados devem ficar atentos para os requisitos a serem observados para as inscri\u00e7\u00f5es via e-mail. Em primeiro lugar, colocar O t\u00edtulo do e-mail (campo do \u201cassunto\u201d): SELE\u00c7\u00c3O PARA ESTAGI\u00c1RIOS DA 4.\u00aa PROMOTORIA DE JUSTI\u00c7A DE RIO LARGO. Em seguida, anexar Hist\u00f3rico Escolar com a descri\u00e7\u00e3o de todas as mat\u00e9rias cursadas at\u00e9 junho de 2021 e que ser\u00e3o cursadas no segundo semestre de 2021, devendo constar o \u00edndice\/coeficiente de rendimento. Poder\u00e3o concorrer \u00e0s vagas os estudantes regularmente matriculados nos tr\u00eas \u00faltimos anos do curso de Direito.<\/span><\/p>\n<p data-raofz=\"14\"><span style=\"font-size: 14pt;\">Nos casos em que o hist\u00f3rico escolar n\u00e3o informar o \u00cdndice\/Coeficiente de rendimento, o candidato dever\u00e1 apresentar uma declara\u00e7\u00e3o da institui\u00e7\u00e3o de Ensino Superior contendo essa informa\u00e7\u00e3o, al\u00e9m de outra declara\u00e7\u00e3o afirmando o per\u00edodo que cursar\u00e1 no 2\u00ba semestre de 2021. Outro ponto importante \u00e9 n\u00e3o esquecer a c\u00f3pia do RG e do CPF ou da Carteira de Habilita\u00e7\u00e3o. Tamb\u00e9m dever\u00e3o ser apresentadas certid\u00f5es de antecedentes c\u00edveis e criminais das Justi\u00e7as Federal e Estadual. O MPAL alerta que somente ser\u00e1 validada a documenta\u00e7\u00e3o que estiver completa.<\/span><\/p>\n<p data-raofz=\"14\"><span style=\"font-size: 14pt;\">Al\u00e9m dos documentos, o candidato dever\u00e1 elaborar e enviar no ato da inscri\u00e7\u00e3o, um texto de 15 linhas, no m\u00e1ximo, digitado em fonte Arial, tamanho 12, espa\u00e7amento simples, formato pdf, narrando como o est\u00e1gio na 4.\u00aa PROMOTORIA DE JUSTI\u00c7A DE RIO LARGO poder\u00e1 contribuir com sua experi\u00eancia profissional e de vida. Caso seja estudante contemplado pelo programa Universidade para todos \u2013 Prouni e\/ou Programa de Financiamento Estudantil \u2013 FIES, o comprovante correspondente deve ser enviado, para ser verificado em caso de empate na classifica\u00e7\u00e3o.<\/span><\/p>\n<p data-raofz=\"14\"><span style=\"font-size: 14pt;\">O candidato precisa ficar atento aos dados inseridos quando da inscri\u00e7\u00e3o, que dever\u00e1 ser preenchida corretamente, sem declara\u00e7\u00f5es falsas ou inexatas. Quem utilizar de m\u00e1-f\u00e9 ter\u00e1 a inscri\u00e7\u00e3o cancelada, mesmo que haja aprova\u00e7\u00e3o e a ilicitude seja detectada posteriormente.<\/span><\/p>\n<p data-raofz=\"14\"><span style=\"font-size: 14pt;\">O est\u00e1gio ser\u00e1 realizado no formato presencial, em hor\u00e1rio estabelecido junto ao supervisor(a) do est\u00e1gio.<\/span><\/p>\n<p data-raofz=\"14\"><span style=\"font-size: 14pt;\">Vaga<\/span><\/p>\n<p data-raofz=\"14\"><span style=\"font-size: 14pt;\">O edital se destina ao preenchimento de uma vaga de est\u00e1gio e n\u00e3o haver\u00e1 reserva de vagas aos negros e as pessoas portadoras de defici\u00eancia em raz\u00e3o de n\u00e3o ofertar n\u00famero de vagas suficientes a alcan\u00e7ar os regramentos dispostos nas Resolu\u00e7\u00f5es CNMP n.\u00ba 42\/2009, modificada pela Resolu\u00e7\u00e3o CNMP n.\u00ba 217\/2020, e na Lei 11.788\/2008.<\/span><\/p>\n<p data-raofz=\"14\"><span style=\"font-size: 14pt;\">Classifica\u00e7\u00e3o<\/span><\/p>\n<p data-raofz=\"14\"><span style=\"font-size: 14pt;\">A classifica\u00e7\u00e3o dos candidatos ser\u00e1 feita pelo maior \u00cdndice\/coeficiente de rendimento (coeficiente e reda\u00e7\u00e3o) e<\/span><br \/>\n<span style=\"font-size: 14pt;\">em caso de empate, dar-se-\u00e1 prioridade na seguinte ordem:<\/span><br \/>\n<span style=\"font-size: 14pt;\">a) ao estudante do ensino p\u00fablico;<\/span><br \/>\n<span style=\"font-size: 14pt;\">b) ao estudante contemplado pelo programa Universidade para todos \u2013 PROUNI e Programa de Financiamento Estudantil \u2013 FIES;<\/span><br \/>\n<span style=\"font-size: 14pt;\">c) ao estudante que tiver cumprido maior carga hor\u00e1ria referente \u00e0 estrutura curricular;<\/span><br \/>\n<span style=\"font-size: 14pt;\">d) ao estudante que tiver maior idade.<\/span><\/p>\n<p data-raofz=\"14\"><span style=\"font-size: 14pt;\">Imagem\/arte: Thiago Henrique<\/span><\/p>\n","protected":false},"excerpt":{"rendered":"<p> [&hellip;]<\/p>\n","protected":false},"author":1,"featured_media":10057,"comment_status":"open","ping_status":"open","sticky":false,"template":"","format":"standard","meta":{"om_disable_all_campaigns":false,"_monsterinsights_skip_tracking":false,"_monsterinsights_sitenote_active":false,"_monsterinsights_sitenote_note":"","_monsterinsights_sitenote_category":0,"_uf_show_specific_survey":0,"_uf_disable_surveys":false,"footnotes":""},"categories":[2],"tags":[],"class_list":["post-10053","post","type-post","status-publish","format-standard","has-post-thumbnail","hentry","category-not_mpal"],"aioseo_notices":[],"_links":{"self":[{"href":"https:\/\/www.mpal.mp.br\/index.php?rest_route=\/wp\/v2\/posts\/10053","targetHints":{"allow":["GET"]}}],"collection":[{"href":"https:\/\/www.mpal.mp.br\/index.php?rest_route=\/wp\/v2\/posts"}],"about":[{"href":"https:\/\/www.mpal.mp.br\/index.php?rest_route=\/wp\/v2\/types\/post"}],"author":[{"embeddable":true,"href":"https:\/\/www.mpal.mp.br\/index.php?rest_route=\/wp\/v2\/users\/1"}],"replies":[{"embeddable":true,"href":"https:\/\/www.mpal.mp.br\/index.php?rest_route=%2Fwp%2Fv2%2Fcomments&post=10053"}],"version-history":[{"count":1,"href":"https:\/\/www.mpal.mp.br\/index.php?rest_route=\/wp\/v2\/posts\/10053\/revisions"}],"predecessor-version":[{"id":10058,"href":"https:\/\/www.mpal.mp.br\/index.php?rest_route=\/wp\/v2\/posts\/10053\/revisions\/10058"}],"wp:featuredmedia":[{"embeddable":true,"href":"https:\/\/www.mpal.mp.br\/index.php?rest_route=\/wp\/v2\/media\/10057"}],"wp:attachment":[{"href":"https:\/\/www.mpal.mp.br\/index.php?rest_route=%2Fwp%2Fv2%2Fmedia&parent=10053"}],"wp:term":[{"taxonomy":"category","embeddable":true,"href":"https:\/\/www.mpal.mp.br\/index.php?rest_route=%2Fwp%2Fv2%2Fcategories&post=10053"},{"taxonomy":"post_tag","embeddable":true,"href":"https:\/\/www.mpal.mp.br\/index.php?rest_route=%2Fwp%2Fv2%2Ftags&post=10053"}],"curies":[{"name":"wp","href":"https:\/\/api.w.org\/{rel}","templated":true}]}}