{"id":10040,"date":"2021-07-22T11:03:35","date_gmt":"2021-07-22T14:03:35","guid":{"rendered":"https:\/\/www.mpal.mp.br\/?p=10040"},"modified":"2022-06-20T11:04:01","modified_gmt":"2022-06-20T14:04:01","slug":"ministerio-publico-de-alagoas-confere-incineracao-de-mais-de-uma-tonelada-de-drogas-apreendida-em-operacoes-no-estado","status":"publish","type":"post","link":"https:\/\/www.mpal.mp.br\/?p=10040","title":{"rendered":"Minist\u00e9rio P\u00fablico de Alagoas confere incinera\u00e7\u00e3o de mais de uma tonelada de drogas apreendida em opera\u00e7\u00f5es no estado"},"content":{"rendered":"<p class=\"western\" style=\"text-align: justify;\" align=\"justify\" data-raofz=\"14\"><span style=\"font-size: 14pt;\" data-raofz=\"14\">Desmantelar organiza\u00e7\u00f5es criminosas, coibir o tr\u00e1fico de entorpecentes, proteger a sociedade e tamb\u00e9m conferir os resultados das opera\u00e7\u00f5es das for\u00e7as de seguran\u00e7a, assim cumpre o seu papel o Minist\u00e9rio P\u00fablico de Alagoas (MPAL). Na manh\u00e3 desta quinta-feira (22), a promotora de Justi\u00e7a, Martha Bueno, titular da 65\u00aa Promotoria de Justi\u00e7a de Entorpecentes da Capital, e tamb\u00e9m integrante do Grupo de Atua\u00e7\u00e3o Especial de Combate ao Crime Organizado (Gaeco), acompanhou a incinera\u00e7\u00e3o de 1,7 tonelada de drogas,\u00a0na fornalha da Usina Suma\u00fama, no munic\u00edpio de Marechal Deodoro, distante 28km de Macei\u00f3.<\/span><\/p>\n<p class=\"western\" style=\"text-align: justify;\" align=\"justify\" data-raofz=\"14\"><span style=\"font-size: 14pt;\" data-raofz=\"14\">Para Martha Bueno, o combate ao tr\u00e1figo de drogas \u00e9 o combate tamb\u00e9m \u00e0s demais formas de viol\u00eancia j\u00e1 que esse crime leva a outras a\u00e7\u00f5es, entre elas, em maior frequ\u00eancia, ao homic\u00eddio.<\/span><\/p>\n<p class=\"western\" style=\"text-align: justify;\" align=\"justify\" data-raofz=\"14\"><span style=\"font-size: 14pt;\" data-raofz=\"14\">\u201cO Minist\u00e9rio P\u00fablico sempre agiu no combate a esse tipo de crime e, em parceria, inclusive, com as for\u00e7as de seguran\u00e7a, com opera\u00e7\u00f5es desencadeadas conjuntamente, com nossas presen\u00e7as nos cumprimentos de mandados de pris\u00e3o, atuando diretamente nesse enfrentamento. Hoje, enquanto titular da 65\u00aa Promotoria, que trata de entorpecentes, e tamb\u00e9m representando o Gaeco, fui acompanhar a incinera\u00e7\u00e3o dos mil e setecentos quilos de drogas, porque \u00e9 preciso que\u00a0nos fa\u00e7amos presentes para ver de perto e registrar a destina\u00e7\u00e3o do produto il\u00edcito\u201d, ressalta Martha Bueno.<\/span><\/p>\n<p class=\"western\" style=\"text-align: justify;\" align=\"justify\" data-raofz=\"14\"><span style=\"font-size: 14pt;\" data-raofz=\"14\">A representante ministerial aproveita para lembrar algumas opera\u00e7\u00f5es de combate ao tr\u00e1fico de drogas e \u00e0 organiza\u00e7\u00f5es criminosas com investiga\u00e7\u00f5es partidas do Gaeco, do MPAL.<\/span><\/p>\n<p class=\"western\" style=\"text-align: justify;\" align=\"left\" data-raofz=\"14\"><span style=\"font-size: 14pt;\"><strong>Opera\u00e7\u00e3o Replay<\/strong><\/span><\/p>\n<p class=\"western\" style=\"text-align: justify;\" align=\"justify\" data-raofz=\"14\"><span style=\"font-size: 14pt;\" data-raofz=\"14\">Em maio deste ano, ap\u00f3s investiga\u00e7\u00e3o do Gaeco que, de forma integrada intaurou um procedimento investigat\u00f3rio com o 4\u00ba Batalh\u00e3o de Pol\u00edcia Militar e a Divis\u00e3o Especial de Investiga\u00e7\u00e3o e Capturas (Deic), da Pol\u00edcia Civil, o Minist\u00e9rio P\u00fablico do Estado de Alagoas (MPAL), por meio do Grupo de Atua\u00e7\u00e3o Especial de combate ao Crime Organizado (Gaeco), e a Secretaria de Estado da Seguran\u00e7a P\u00fablica (SSP) coordenaram a Opera\u00e7\u00e3o Replay onde foram cumpridos 10 mandados de pris\u00e3o e nove de busca e apreens\u00e3o em desfavor de integrantes de uma Organiza\u00e7\u00e3o Criminosa (Orcrim) ligada ao tr\u00e1fico de drogas.<\/span><\/p>\n<p class=\"western\" style=\"text-align: justify;\" align=\"justify\" data-raofz=\"14\"><span style=\"font-size: 14pt;\"><strong>Opera\u00e7\u00e3o Cerco<\/strong><\/span><\/p>\n<p class=\"western\" style=\"text-align: justify;\" align=\"justify\" data-raofz=\"14\"><span style=\"font-size: 14pt;\" data-raofz=\"14\">No m\u00eas de abril passado, foi a vez da Opera\u00e7\u00e3o Cerco, resultado de um procedimento investigat\u00f3rio criminal (PIC) do Gaeco, feito tamb\u00e9m de forma integrada com o 4\u00ba Batalh\u00e3o de Pol\u00edcia Militar e com a Divis\u00e3o Especial de Investiga\u00e7\u00f5es e Capturas (DEIC), da Pol\u00edcia Civil. O foco da opera\u00e7\u00e3o foi o de prender integrantes de uma organiza\u00e7\u00e3o criminosa que atuava em Macei\u00f3 e na cidade de Anadia e as pol\u00edcias foram \u00e0s ruas para cumprir 11 mandados de pris\u00e3o e 16 de busca e apreens\u00e3o,<\/span><\/p>\n<p class=\"western\" style=\"text-align: justify;\" data-raofz=\"14\"><span style=\"font-size: 14pt;\" data-raofz=\"14\"><strong>Opera\u00e7\u00e3o Flash back<\/strong><\/span><\/p>\n<p class=\"western\" style=\"text-align: justify;\" align=\"justify\" data-raofz=\"14\"><span style=\"font-size: 14pt;\" data-raofz=\"16\">Em 2019, o Minist\u00e9rio P\u00fablico, por meio do Grupo de Atua\u00e7\u00e3o Especial de Combate ao Crime Organizado (Gaeco) e do Grupo Nacional de Combate \u00e0s Organiza\u00e7\u00f5es Criminosas (GNCOC), ap\u00f3s sete meses de investiga\u00e7\u00e3o, atuou, com a Secretaria de Seguran\u00e7a P\u00f9blica, e apoio do Minist\u00e9rio da Justi\u00e7a, Batalh\u00e3o de Opera\u00e7\u00f5es Especiais (Bope) e a Secretaria de Ressocializa\u00e7\u00e3o e Inser\u00e7\u00e3o Social (Seris), na \u201cOpera\u00e7\u00e3o Flash Back\u201d. Juntos, deflagraram a grande a\u00e7\u00e3o para combater a fac\u00e7\u00e3o PCC, que comanda o tr\u00e1fico de drogas no pa\u00eds, e cumpriram 110 mandados de pris\u00e3o em Alagoas, Mato Grosso do Sul, Minas Gerais, Paran\u00e1, Pernambuco, S\u00e3o Paulo, Tocantins e Sergipe. Deste total, 66 mandados de pris\u00e3o aqui no estado.<\/span><\/p>\n<p class=\"western\" style=\"text-align: justify;\" align=\"left\" data-raofz=\"14\"><span style=\"font-size: 14pt;\" data-raofz=\"14\">Para concluir, a promotora Martha Bueno, refor\u00e7a\u00a0a\u00a0relev\u00e2ncia da harmonia entre o MPAL e as for\u00e7as de seguran\u00e7a em prol da sociedade.<\/span><\/p>\n<p class=\"western\" style=\"text-align: justify;\" align=\"justify\" data-raofz=\"14\"><span style=\"font-size: 14pt;\" data-raofz=\"14\">\u201cTemos de parabenizar os policiais do nosso estado e afirmar que a parceria do Minist\u00e9rio P\u00fablico com a SSP, em muitas opera\u00e7\u00f5es, mostra-nos a import\u00e2ncia de unir for\u00e7as no combate a esse mal t\u00e3o resistente e que tem promovido tanta viol\u00eancia, desestrutura familiar em Alagoas\u201d.<\/span><\/p>\n","protected":false},"excerpt":{"rendered":"<p> [&hellip;]<\/p>\n","protected":false},"author":1,"featured_media":10043,"comment_status":"open","ping_status":"open","sticky":false,"template":"","format":"standard","meta":{"om_disable_all_campaigns":false,"_monsterinsights_skip_tracking":false,"_monsterinsights_sitenote_active":false,"_monsterinsights_sitenote_note":"","_monsterinsights_sitenote_category":0,"_uf_show_specific_survey":0,"_uf_disable_surveys":false,"footnotes":""},"categories":[2],"tags":[],"class_list":["post-10040","post","type-post","status-publish","format-standard","has-post-thumbnail","hentry","category-not_mpal"],"aioseo_notices":[],"_links":{"self":[{"href":"https:\/\/www.mpal.mp.br\/index.php?rest_route=\/wp\/v2\/posts\/10040","targetHints":{"allow":["GET"]}}],"collection":[{"href":"https:\/\/www.mpal.mp.br\/index.php?rest_route=\/wp\/v2\/posts"}],"about":[{"href":"https:\/\/www.mpal.mp.br\/index.php?rest_route=\/wp\/v2\/types\/post"}],"author":[{"embeddable":true,"href":"https:\/\/www.mpal.mp.br\/index.php?rest_route=\/wp\/v2\/users\/1"}],"replies":[{"embeddable":true,"href":"https:\/\/www.mpal.mp.br\/index.php?rest_route=%2Fwp%2Fv2%2Fcomments&post=10040"}],"version-history":[{"count":1,"href":"https:\/\/www.mpal.mp.br\/index.php?rest_route=\/wp\/v2\/posts\/10040\/revisions"}],"predecessor-version":[{"id":10044,"href":"https:\/\/www.mpal.mp.br\/index.php?rest_route=\/wp\/v2\/posts\/10040\/revisions\/10044"}],"wp:featuredmedia":[{"embeddable":true,"href":"https:\/\/www.mpal.mp.br\/index.php?rest_route=\/wp\/v2\/media\/10043"}],"wp:attachment":[{"href":"https:\/\/www.mpal.mp.br\/index.php?rest_route=%2Fwp%2Fv2%2Fmedia&parent=10040"}],"wp:term":[{"taxonomy":"category","embeddable":true,"href":"https:\/\/www.mpal.mp.br\/index.php?rest_route=%2Fwp%2Fv2%2Fcategories&post=10040"},{"taxonomy":"post_tag","embeddable":true,"href":"https:\/\/www.mpal.mp.br\/index.php?rest_route=%2Fwp%2Fv2%2Ftags&post=10040"}],"curies":[{"name":"wp","href":"https:\/\/api.w.org\/{rel}","templated":true}]}}