{"id":10030,"date":"2021-07-27T11:00:44","date_gmt":"2021-07-27T14:00:44","guid":{"rendered":"https:\/\/www.mpal.mp.br\/?p=10030"},"modified":"2022-06-20T11:00:55","modified_gmt":"2022-06-20T14:00:55","slug":"em-nova-reuniao-estrategica-ministerio-publico-apresenta-plano-de-acao-na-area-de-defesa-do-meio-ambiente","status":"publish","type":"post","link":"https:\/\/www.mpal.mp.br\/?p=10030","title":{"rendered":"Em nova reuni\u00e3o estrat\u00e9gica, Minist\u00e9rio P\u00fablico apresenta plano de a\u00e7\u00e3o na \u00e1rea de defesa do meio ambiente"},"content":{"rendered":"<p style=\"text-align: justify;\" align=\"justify\" data-raofz=\"14\"><span style=\"font-size: 14pt;\" data-raofz=\"14\">Aconteceu, nesta ter\u00e7a-feira (27), a 7\u00aa Reuni\u00e3o de An\u00e1lise Estrat\u00e9gica, mais uma vez em formato virtual, realizada com o Comit\u00ea de Gest\u00e3o Estrat\u00e9gica do Minist\u00e9rio P\u00fablico do Estado de Alagoas (MPAL). Presidido pelo subprocurador-geral Administrativo Institucional, Valter Acioly, e coordenada pela chefe da Assessoria de Planejamento e Gest\u00e3o Estrat\u00e9gico (Asplage), promotora de Justi\u00e7a Stela Val\u00e9ria Cavalcanti, o encontro teve o objetivo de conhecer o andamento das atividades em execu\u00e7\u00e3o na \u00e1rea de defesa do meio ambiente.<\/span><\/p>\n<p style=\"text-align: justify;\" align=\"justify\" data-raofz=\"14\"><span style=\"font-size: 14pt;\" data-raofz=\"14\">A abertura da reuni\u00e3o ficou a cargo do subprocurador-geral Administrativo Institucional, que enfatizou a necessidade da institui\u00e7\u00e3o debater, planejar e executar aquelas a\u00e7\u00f5es consideradas estrat\u00e9gicas para o desenvolvimento de iniciativas em prol da popula\u00e7\u00e3o alagoana. A assessora de planejamento e gest\u00e3o estrat\u00e9gica ratificou essa import\u00e2ncia e pediu para que membros e servidores seguissem se dedicando ao planejamento estrat\u00e9gico da institui\u00e7\u00e3o, uma vez que, por meio da execu\u00e7\u00e3o de projetos relevantes, foi esse mesmo planejamento que j\u00e1 trouxe pr\u00eamios nacionais ao Minist\u00e9rio P\u00fablico de Alagoas.<\/span><\/p>\n<p style=\"text-align: justify;\" align=\"justify\" data-raofz=\"14\"><span style=\"font-size: 14pt;\" data-raofz=\"14\"><b><strong>Defesa do\u00a0<\/strong><\/b><b><strong>meio ambiente<\/strong><\/b><\/span><\/p>\n<p style=\"text-align: justify;\" align=\"justify\" data-raofz=\"14\"><span style=\"font-size: 14pt;\" data-raofz=\"14\">Na reuni\u00e3o desta ter\u00e7a-feira, coube ao promotor de Justi\u00e7a Jorge D\u00f3ria, respons\u00e1vel pelo objetivo estrat\u00e9gico de \u201cpromo\u00e7\u00e3o de defesa do meio ambiente\u201d, fazer a sua apresenta\u00e7\u00e3o. Ele iniciou sua fala argumentando sobre a iniciativa estrat\u00e9gica que trata de atua\u00e7\u00e3o para a melhoria do saneamento b\u00e1sico nos 102 munic\u00edpios de Alagoas. Segundo o promotor, a execu\u00e7\u00e3o da a\u00e7\u00e3o come\u00e7ou pela cidade de Macei\u00f3, onde est\u00e3o sendo realizadas fiscaliza\u00e7\u00f5es e cobran\u00e7a para a devida melhoria do saneamento b\u00e1sico na capital.<b><\/b><\/span><\/p>\n<p style=\"text-align: justify;\" align=\"justify\" data-raofz=\"14\"><span style=\"font-size: 14pt;\" data-raofz=\"14\">Na sequ\u00eancia, Jorge D\u00f3ria discorreu sobre a sua segunda iniciativa estrat\u00e9gica: analisar, fiscalizar e monitorar as licen\u00e7as de opera\u00e7\u00e3o de empresas de minera\u00e7\u00e3o, bem como atuar na preven\u00e7\u00e3o de danos ambientais. \u201cInicialmente, fizemos a elabora\u00e7\u00e3o de diagn\u00f3stico das empresas que atuam na minera\u00e7\u00e3o em todo o estado de Alagoas e, ap\u00f3s esse trabalho, come\u00e7amos o monitoramento dos licenciamentos, com instaura\u00e7\u00e3o de procedimentos administrativos ou judiciais cab\u00edveis. Agora, estamos na fase de articula\u00e7\u00e3o com os promotores naturais dos munic\u00edpios onde existem essas empresas que atuam na atividade de minera\u00e7\u00e3o para a devida ades\u00e3o ao projeto\u201d, explicou ele.<\/span><\/p>\n<p style=\"text-align: justify;\" align=\"justify\" data-raofz=\"14\"><span style=\"font-size: 14pt;\" data-raofz=\"14\"><b>Plano avan\u00e7ado<\/b><\/span><\/p>\n<p style=\"text-align: justify;\" align=\"justify\" data-raofz=\"14\"><span style=\"font-size: 14pt;\" data-raofz=\"14\">Encerrando o encontro virtual, a assessora de planejamento e gest\u00e3o estrat\u00e9gica (Asplage), Stela Val\u00e9ria Cavalcanti, agradeceu o empenho de todos os envolvidos. \u201c\u00c9 desse comprometimento que precisamos para nos tornar um Minist\u00e9rio P\u00fablico mais forte e pr\u00f3ximo da popula\u00e7\u00e3o\u201d, afirmou a promotora de justi\u00e7a.<\/span><\/p>\n<p style=\"text-align: justify;\" align=\"justify\" data-raofz=\"14\"><span style=\"font-size: 14pt;\" data-raofz=\"14\">\u201cInclusive, refor\u00e7o que o nosso plano estrat\u00e9gico atual, que se encerrar\u00e1 em 2022, est\u00e1 bastante avan\u00e7ado justamente por causa do envolvimento coletivo de membros e servidores nos projetos estrat\u00e9gicos da Institui\u00e7\u00e3o. Ent\u00e3o, pedimos para que esse apoio continue a ser dado, de modo que possamos executar todas as iniciativas que foram planejadas at\u00e9 o final do pr\u00f3ximo ano\u201d, acrescentou ela.<\/span><\/p>\n<p style=\"text-align: justify;\" align=\"justify\" data-raofz=\"14\"><span style=\"font-size: 14pt;\" data-raofz=\"14\"><b><strong>O Comit\u00ea<\/strong><\/b><\/span><\/p>\n<p style=\"text-align: justify;\" align=\"justify\" data-raofz=\"14\"><span style=\"font-size: 14pt;\" data-raofz=\"14\">O Comit\u00ea de Gest\u00e3o Estrat\u00e9gica do Minist\u00e9rio P\u00fablico \u00e9 composto por 17 pessoas, entre membros e servidores. E ele est\u00e1 dividido por \u00e1rea de atua\u00e7\u00e3o, de acordo com os objetivos estrat\u00e9gicos j\u00e1 definidos pela administra\u00e7\u00e3o superior.<\/span><\/p>\n","protected":false},"excerpt":{"rendered":"<p> [&hellip;]<\/p>\n","protected":false},"author":1,"featured_media":10034,"comment_status":"open","ping_status":"open","sticky":false,"template":"","format":"standard","meta":{"om_disable_all_campaigns":false,"_monsterinsights_skip_tracking":false,"_monsterinsights_sitenote_active":false,"_monsterinsights_sitenote_note":"","_monsterinsights_sitenote_category":0,"_uf_show_specific_survey":0,"_uf_disable_surveys":false,"footnotes":""},"categories":[2],"tags":[],"class_list":["post-10030","post","type-post","status-publish","format-standard","has-post-thumbnail","hentry","category-not_mpal"],"aioseo_notices":[],"_links":{"self":[{"href":"https:\/\/www.mpal.mp.br\/index.php?rest_route=\/wp\/v2\/posts\/10030","targetHints":{"allow":["GET"]}}],"collection":[{"href":"https:\/\/www.mpal.mp.br\/index.php?rest_route=\/wp\/v2\/posts"}],"about":[{"href":"https:\/\/www.mpal.mp.br\/index.php?rest_route=\/wp\/v2\/types\/post"}],"author":[{"embeddable":true,"href":"https:\/\/www.mpal.mp.br\/index.php?rest_route=\/wp\/v2\/users\/1"}],"replies":[{"embeddable":true,"href":"https:\/\/www.mpal.mp.br\/index.php?rest_route=%2Fwp%2Fv2%2Fcomments&post=10030"}],"version-history":[{"count":1,"href":"https:\/\/www.mpal.mp.br\/index.php?rest_route=\/wp\/v2\/posts\/10030\/revisions"}],"predecessor-version":[{"id":10035,"href":"https:\/\/www.mpal.mp.br\/index.php?rest_route=\/wp\/v2\/posts\/10030\/revisions\/10035"}],"wp:featuredmedia":[{"embeddable":true,"href":"https:\/\/www.mpal.mp.br\/index.php?rest_route=\/wp\/v2\/media\/10034"}],"wp:attachment":[{"href":"https:\/\/www.mpal.mp.br\/index.php?rest_route=%2Fwp%2Fv2%2Fmedia&parent=10030"}],"wp:term":[{"taxonomy":"category","embeddable":true,"href":"https:\/\/www.mpal.mp.br\/index.php?rest_route=%2Fwp%2Fv2%2Fcategories&post=10030"},{"taxonomy":"post_tag","embeddable":true,"href":"https:\/\/www.mpal.mp.br\/index.php?rest_route=%2Fwp%2Fv2%2Ftags&post=10030"}],"curies":[{"name":"wp","href":"https:\/\/api.w.org\/{rel}","templated":true}]}}