{"id":10026,"date":"2021-07-29T10:58:56","date_gmt":"2021-07-29T13:58:56","guid":{"rendered":"https:\/\/www.mpal.mp.br\/?p=10026"},"modified":"2022-06-20T10:59:15","modified_gmt":"2022-06-20T13:59:15","slug":"forca-tarefa-do-mpal-discutira-viabilidade-de-retorno-gradativo-de-eventos-em-alagoas","status":"publish","type":"post","link":"https:\/\/www.mpal.mp.br\/?p=10026","title":{"rendered":"For\u00e7a-tarefa do MPAL discutir\u00e1 viabilidade de retorno gradativo de eventos em Alagoas"},"content":{"rendered":"<p style=\"text-align: justify;\" align=\"justify\" data-raofz=\"14\"><span style=\"font-size: 14pt;\" data-raofz=\"13\">Ap\u00f3s ouvir o pleito de empres\u00e1rios do setor de eventos, na manh\u00e3 desta quinta-feira (29), o procurador-geral de Justi\u00e7a de Alagoas, M\u00e1rcio Roberto Ten\u00f3rio de Albuquerque, comprometeu-se em levar a demanda do segmento para a pr\u00f3xima reuni\u00e3o da For\u00e7a-Tarefa de Preven\u00e7\u00e3o e Enfrentamento \u00e0 Pandemia da Covid-19 do Minist\u00e9rio P\u00fablico do Estado de Alagoas, que ser\u00e1 realizada no dia 4 agosto. Os empres\u00e1rios defendem o retorno gradual das atividades, seguindo protocolos sanit\u00e1rios e com p\u00fablico imunizado com as duas doses da vacina.<\/span><\/p>\n<p style=\"text-align: justify;\" align=\"justify\" data-raofz=\"14\"><span style=\"font-size: 14pt;\" data-raofz=\"13\">De acordo com a chefia do MPAL, com a redu\u00e7\u00e3o dos casos de pessoas contaminadas com o novo coronav\u00edrus e a diminui\u00e7\u00e3o na ocupa\u00e7\u00e3o de leitos intermedi\u00e1rios e de UTI, \u00e9 poss\u00edvel, sim, pensar na viabilidade de eventos testes, desde que eles sigam medidas de seguran\u00e7a. \u201cN\u00f3s sabemos o quanto toda a cadeia de eventos foi prejudicada em raz\u00e3o da pandemia da Covid-19, mas, nos meses de maior agravamento, n\u00e3o se poderia discutir quaisquer tipos de aglomera\u00e7\u00e3o. No entanto, com os dados mais controlados e o avan\u00e7o da vacina\u00e7\u00e3o em Alagoas, entendo ser vi\u00e1vel dar in\u00edcio as conversas sobre a volta dessas atividades. Convidamos os representantes das empresas para que eles apresentem suas propostas \u00e0 for\u00e7a-tarefa e, depois dessa explana\u00e7\u00e3o, o MP vai analisar a demanda para, se entender pela sua viabilidade, lev\u00e1-la ao governo do estado\u201d, explicou M\u00e1rcio Roberto Ten\u00f3rio de Albuquerque.<\/span><\/p>\n<p style=\"text-align: justify;\" align=\"justify\" data-raofz=\"14\"><span style=\"font-size: 14pt;\" data-raofz=\"13\">No encontro, onde estiveram presentes o chefe de gabinete do MPAL, promotor de Justi\u00e7a Humberto Bulh\u00f5es, e os empres\u00e1rios S\u00e9rgio Feitosa (Celebration Entretenimentos), Raul Peixoto (CDR Entretenimento) e Simone Alexandre (S\u00f3 Produ\u00e7\u00f5es), os promotores de eventos defenderam um calend\u00e1rio oficial para o retorno de suas atividades. \u201cA ideia \u00e9 termos esse calend\u00e1rio organizado, com eventos testes a partir de p\u00fablicos reduzidos e que possam ir ganhando mais n\u00fameros de pessoas depois da realiza\u00e7\u00e3o de cada evento que n\u00e3o apresente mais riscos \u00e0 popula\u00e7\u00e3o. Tudo isso, claro, seguindo protocolos r\u00edgidos de higiene e adotando as medidas sanit\u00e1rias recomendadas pelas autoridades de sa\u00fade\u201d, defendeu Feitosa, que \u00e9 diretor regional da Associa\u00e7\u00e3o Brasileira dos Promotores de Eventos (Abrape).<\/span><\/p>\n<p style=\"text-align: justify;\" align=\"justify\" data-raofz=\"14\"><span style=\"font-size: 14pt;\" data-raofz=\"13\">Ele tamb\u00e9m pediu para que o MPAL siga buscando a responsabiliza\u00e7\u00e3o daqueles que insistem em promover festas clandestinas, de modo que a puni\u00e7\u00e3o sirva de exemplo para que outros eventos sem autoriza\u00e7\u00e3o n\u00e3o mais ocorram.<\/span><\/p>\n<p style=\"text-align: justify;\" align=\"justify\" data-raofz=\"14\"><span style=\"font-size: 14pt;\" data-raofz=\"13\">Ainda na reuni\u00e3o, os empres\u00e1rios adiantaram que v\u00e3o defender a participa\u00e7\u00e3o nos eventos apenas de pessoas imunizadas com as duas doses da vacina, uma vez que, aqueles vacinados dessa forma, apresentam menos chances de contrair a doen\u00e7a e, em caso de contamina\u00e7\u00e3o, desenvolver\u00e3o formas mais leves da Covid-19.<\/span><\/p>\n<p style=\"text-align: justify;\" align=\"justify\" data-raofz=\"14\"><span style=\"font-size: 14pt;\" data-raofz=\"13\">O encontro virtual com a FT ocorrer\u00e1 na quarta-feira da semana que vem, a partir das 14h.<\/span><\/p>\n","protected":false},"excerpt":{"rendered":"<p> [&hellip;]<\/p>\n","protected":false},"author":1,"featured_media":10028,"comment_status":"open","ping_status":"open","sticky":false,"template":"","format":"standard","meta":{"om_disable_all_campaigns":false,"_monsterinsights_skip_tracking":false,"_monsterinsights_sitenote_active":false,"_monsterinsights_sitenote_note":"","_monsterinsights_sitenote_category":0,"_uf_show_specific_survey":0,"_uf_disable_surveys":false,"footnotes":""},"categories":[2],"tags":[],"class_list":["post-10026","post","type-post","status-publish","format-standard","has-post-thumbnail","hentry","category-not_mpal"],"aioseo_notices":[],"_links":{"self":[{"href":"https:\/\/www.mpal.mp.br\/index.php?rest_route=\/wp\/v2\/posts\/10026","targetHints":{"allow":["GET"]}}],"collection":[{"href":"https:\/\/www.mpal.mp.br\/index.php?rest_route=\/wp\/v2\/posts"}],"about":[{"href":"https:\/\/www.mpal.mp.br\/index.php?rest_route=\/wp\/v2\/types\/post"}],"author":[{"embeddable":true,"href":"https:\/\/www.mpal.mp.br\/index.php?rest_route=\/wp\/v2\/users\/1"}],"replies":[{"embeddable":true,"href":"https:\/\/www.mpal.mp.br\/index.php?rest_route=%2Fwp%2Fv2%2Fcomments&post=10026"}],"version-history":[{"count":1,"href":"https:\/\/www.mpal.mp.br\/index.php?rest_route=\/wp\/v2\/posts\/10026\/revisions"}],"predecessor-version":[{"id":10029,"href":"https:\/\/www.mpal.mp.br\/index.php?rest_route=\/wp\/v2\/posts\/10026\/revisions\/10029"}],"wp:featuredmedia":[{"embeddable":true,"href":"https:\/\/www.mpal.mp.br\/index.php?rest_route=\/wp\/v2\/media\/10028"}],"wp:attachment":[{"href":"https:\/\/www.mpal.mp.br\/index.php?rest_route=%2Fwp%2Fv2%2Fmedia&parent=10026"}],"wp:term":[{"taxonomy":"category","embeddable":true,"href":"https:\/\/www.mpal.mp.br\/index.php?rest_route=%2Fwp%2Fv2%2Fcategories&post=10026"},{"taxonomy":"post_tag","embeddable":true,"href":"https:\/\/www.mpal.mp.br\/index.php?rest_route=%2Fwp%2Fv2%2Ftags&post=10026"}],"curies":[{"name":"wp","href":"https:\/\/api.w.org\/{rel}","templated":true}]}}