{"id":10017,"date":"2021-07-29T10:56:56","date_gmt":"2021-07-29T13:56:56","guid":{"rendered":"https:\/\/www.mpal.mp.br\/?p=10017"},"modified":"2022-06-20T10:57:21","modified_gmt":"2022-06-20T13:57:21","slug":"ministerio-publico-fara-tratativas-em-busca-de-mais-vagas-em-cemiterios-publicos-a-pedido-do-iml","status":"publish","type":"post","link":"https:\/\/www.mpal.mp.br\/?p=10017","title":{"rendered":"Minist\u00e9rio P\u00fablico far\u00e1 tratativas em busca de mais vagas em cemit\u00e9rios p\u00fablicos, a pedido do IML"},"content":{"rendered":"<p style=\"text-align: justify;\" align=\"justify\" data-raofz=\"14\"><span style=\"font-size: 14pt;\" data-raofz=\"13\">Em reuni\u00e3o ocorrida na manh\u00e3 desta quinta-feira (29), o Minist\u00e9rio P\u00fablico do Estado de Alagoas recebeu a diretoria da Per\u00edcia Oficial de Alagoas e a Secretaria de Estado da Seguran\u00e7a P\u00fablica para discutir a lota\u00e7\u00e3o de corpos no Instituto M\u00e9dico Legal de Macei\u00f3. No encontro, foi solicitado o apoio do MPAL, no sentido de que a institui\u00e7\u00e3o inicia tratativas junto a Prefeitura de Macei\u00f3 para a abertura de mais vagas nos cemit\u00e9rios p\u00fablicos, de modo que os cad\u00e1veres que est\u00e3o no IML possam sem sepultados. Tal compromisso foi assumido pelo procurador-geral de Justi\u00e7a, M\u00e1rcio Roberto Ten\u00f3rio de Albuquerque.<\/span><\/p>\n<p style=\"text-align: justify;\" align=\"justify\" data-raofz=\"14\"><span style=\"font-size: 14pt;\" data-raofz=\"13\">Ao ouvir as demandas vindas do perito criminal Manoel Melo Filho, perito geral da Per\u00edcia Oficial, e do coronel Elias Oliveira, secret\u00e1rio adjunto da SSP, a chefia do Minist\u00e9rio P\u00fablico se comprometeu em iniciar di\u00e1logo junto ao munic\u00edpio de Macei\u00f3 em busca da resolu\u00e7\u00e3o do problema. \u201cOuvimos atentamente a demanda que envolve o IML e vamos trabalhar para tentar solucion\u00e1-la. Sabemos que o \u00f3rg\u00e3o precisa liberar esses corpos, at\u00e9 para receber os novos que chegam todos os dias e, para tanto, faz-se necess\u00e1rio que eles sejam enterrados. Diante dessa grave problem\u00e1tica, vou reunir as promotorias com atribui\u00e7\u00e3o nessa \u00e1rea, a exemplo da dos Direitos Humanos, para que marquemos uma audi\u00eancia com a prefeitura. Temos que discutir alternativas vi\u00e1veis e que possam ser executadas a curto prazo\u201d, afirmou M\u00e1rcio Roberto Ten\u00f3rio de Albuquerque.<\/span><\/p>\n<p style=\"text-align: justify;\" align=\"justify\" data-raofz=\"14\"><span style=\"font-size: 14pt;\" data-raofz=\"13\"><b>100 vagas<\/b><\/span><\/p>\n<p style=\"text-align: justify;\" align=\"justify\" data-raofz=\"14\"><span style=\"font-size: 14pt;\" data-raofz=\"13\">Segundo Manoel Melo, a necessidade \u00e9 de pelo menos 100 vagas em cemit\u00e9rios p\u00fablicos da capital. \u201cNossa proposta passa pela constru\u00e7\u00e3o de gavetas em alvenaria, com at\u00e9 tr\u00eas andares, na posi\u00e7\u00e3o vertical, a princ\u00edpio, no cemit\u00e9rio Divina Pastora, localizado na parte alta da cidade. Preparamos esse plano, apresentamos ao munic\u00edpio e estamos aguardando uma resposta. Seria muito importante que isso fosse viabilizado com rapidez porque o nosso IML j\u00e1 est\u00e1 com uma lota\u00e7\u00e3o grande de corpos nas c\u00e2maras frigor\u00edficas\u201d, explicou o perito geral da Per\u00edcia Oficial.<\/span><\/p>\n<p style=\"text-align: justify;\" align=\"justify\" data-raofz=\"14\"><span style=\"font-size: 14pt;\" data-raofz=\"13\">Ainda de acordo com ele, essas vagas seriam destinadas aos cad\u00e1veres n\u00e3o identificados e tamb\u00e9m de mortos j\u00e1 identificados, mas que n\u00e3o foram procurados pelas fam\u00edlias, de Macei\u00f3 e regi\u00e3o metropolitana.<\/span><\/p>\n","protected":false},"excerpt":{"rendered":"<p> [&hellip;]<\/p>\n","protected":false},"author":1,"featured_media":10018,"comment_status":"open","ping_status":"open","sticky":false,"template":"","format":"standard","meta":{"om_disable_all_campaigns":false,"_monsterinsights_skip_tracking":false,"_monsterinsights_sitenote_active":false,"_monsterinsights_sitenote_note":"","_monsterinsights_sitenote_category":0,"_uf_show_specific_survey":0,"_uf_disable_surveys":false,"footnotes":""},"categories":[2],"tags":[],"class_list":["post-10017","post","type-post","status-publish","format-standard","has-post-thumbnail","hentry","category-not_mpal"],"aioseo_notices":[],"_links":{"self":[{"href":"https:\/\/www.mpal.mp.br\/index.php?rest_route=\/wp\/v2\/posts\/10017","targetHints":{"allow":["GET"]}}],"collection":[{"href":"https:\/\/www.mpal.mp.br\/index.php?rest_route=\/wp\/v2\/posts"}],"about":[{"href":"https:\/\/www.mpal.mp.br\/index.php?rest_route=\/wp\/v2\/types\/post"}],"author":[{"embeddable":true,"href":"https:\/\/www.mpal.mp.br\/index.php?rest_route=\/wp\/v2\/users\/1"}],"replies":[{"embeddable":true,"href":"https:\/\/www.mpal.mp.br\/index.php?rest_route=%2Fwp%2Fv2%2Fcomments&post=10017"}],"version-history":[{"count":2,"href":"https:\/\/www.mpal.mp.br\/index.php?rest_route=\/wp\/v2\/posts\/10017\/revisions"}],"predecessor-version":[{"id":10025,"href":"https:\/\/www.mpal.mp.br\/index.php?rest_route=\/wp\/v2\/posts\/10017\/revisions\/10025"}],"wp:featuredmedia":[{"embeddable":true,"href":"https:\/\/www.mpal.mp.br\/index.php?rest_route=\/wp\/v2\/media\/10018"}],"wp:attachment":[{"href":"https:\/\/www.mpal.mp.br\/index.php?rest_route=%2Fwp%2Fv2%2Fmedia&parent=10017"}],"wp:term":[{"taxonomy":"category","embeddable":true,"href":"https:\/\/www.mpal.mp.br\/index.php?rest_route=%2Fwp%2Fv2%2Fcategories&post=10017"},{"taxonomy":"post_tag","embeddable":true,"href":"https:\/\/www.mpal.mp.br\/index.php?rest_route=%2Fwp%2Fv2%2Ftags&post=10017"}],"curies":[{"name":"wp","href":"https:\/\/api.w.org\/{rel}","templated":true}]}}